{"id":1008,"date":"2016-08-18T17:27:23","date_gmt":"2016-08-18T13:27:23","guid":{"rendered":"http:\/\/college-12eme.ac-reunion.fr\/?p=1008"},"modified":"2016-08-18T17:27:23","modified_gmt":"2016-08-18T13:27:23","slug":"demandes-dinscriptions-au-college-du-12eme-commission-daffectation-du-19-aout-2016","status":"publish","type":"post","link":"https:\/\/etab.ac-reunion.fr\/clg-12eme\/demandes-dinscriptions-au-college-du-12eme-commission-daffectation-du-19-aout-2016\/","title":{"rendered":"Demandes d&rsquo;inscriptions au coll\u00e8ge du 12\u00e8me &#8211; Commission d&rsquo;affectation du 19 aout 2016"},"content":{"rendered":"<p>Mesdames et Messieurs les Parents d&rsquo;\u00e9l\u00e8ves ayant sollicit\u00e9 une inscription au coll\u00e8ge du 12\u00e8me sont inform\u00e9s que la commission d&rsquo;affectation examinera leurs demandes\u00a0 vendredi 19 aout 2016, en fonction des places disponibles.<\/p>\n<p>Une r\u00e9ponse par\u00a0 information t\u00e9l\u00e9phonique leur sera donn\u00e9e dans le courant de la journ\u00e9e.<\/p>\n<p>Le Principal<\/p>\n<p>CCourr\u00e9jou<\/p>\n","protected":false},"excerpt":{"rendered":"<p>Mesdames et Messieurs les Parents d&rsquo;\u00e9l\u00e8ves ayant sollicit\u00e9 une inscription au coll\u00e8ge du 12\u00e8me sont inform\u00e9s que la commission d&rsquo;affectation examinera leurs demandes\u00a0 vendredi 19 aout 2016, en fonction des places disponibles. Une r\u00e9ponse par\u00a0 information t\u00e9l\u00e9phonique leur sera donn\u00e9e dans le courant de la journ\u00e9e. Le Principal CCourr\u00e9jou<\/p>\n","protected":false},"author":30,"featured_media":0,"comment_status":"closed","ping_status":"closed","sticky":false,"template":"","format":"standard","meta":{"footnotes":"","_links_to":"","_links_to_target":""},"categories":[2,9],"tags":[],"class_list":["post-1008","post","type-post","status-publish","format-standard","hentry","category-informations-aux-familles","category-profs"],"_links":{"self":[{"href":"https:\/\/etab.ac-reunion.fr\/clg-12eme\/wp-json\/wp\/v2\/posts\/1008","targetHints":{"allow":["GET"]}}],"collection":[{"href":"https:\/\/etab.ac-reunion.fr\/clg-12eme\/wp-json\/wp\/v2\/posts"}],"about":[{"href":"https:\/\/etab.ac-reunion.fr\/clg-12eme\/wp-json\/wp\/v2\/types\/post"}],"author":[{"embeddable":true,"href":"https:\/\/etab.ac-reunion.fr\/clg-12eme\/wp-json\/wp\/v2\/users\/30"}],"replies":[{"embeddable":true,"href":"https:\/\/etab.ac-reunion.fr\/clg-12eme\/wp-json\/wp\/v2\/comments?post=1008"}],"version-history":[{"count":1,"href":"https:\/\/etab.ac-reunion.fr\/clg-12eme\/wp-json\/wp\/v2\/posts\/1008\/revisions"}],"predecessor-version":[{"id":1009,"href":"https:\/\/etab.ac-reunion.fr\/clg-12eme\/wp-json\/wp\/v2\/posts\/1008\/revisions\/1009"}],"wp:attachment":[{"href":"https:\/\/etab.ac-reunion.fr\/clg-12eme\/wp-json\/wp\/v2\/media?parent=1008"}],"wp:term":[{"taxonomy":"category","embeddable":true,"href":"https:\/\/etab.ac-reunion.fr\/clg-12eme\/wp-json\/wp\/v2\/categories?post=1008"},{"taxonomy":"post_tag","embeddable":true,"href":"https:\/\/etab.ac-reunion.fr\/clg-12eme\/wp-json\/wp\/v2\/tags?post=1008"}],"curies":[{"name":"wp","href":"https:\/\/api.w.org\/{rel}","templated":true}]}}