{"id":1017,"date":"2016-08-25T15:30:18","date_gmt":"2016-08-25T11:30:18","guid":{"rendered":"http:\/\/college-12eme.ac-reunion.fr\/?p=1017"},"modified":"2016-08-25T15:30:18","modified_gmt":"2016-08-25T11:30:18","slug":"eclipse-du-1er-septembre-2016-organisation-regles-et-engagements-definis-en-12-journee-de-solidarite-du-24-aout-2016","status":"publish","type":"post","link":"https:\/\/etab.ac-reunion.fr\/clg-12eme\/eclipse-du-1er-septembre-2016-organisation-regles-et-engagements-definis-en-12-journee-de-solidarite-du-24-aout-2016\/","title":{"rendered":"Eclipse du 1er septembre 2016 Organisation, R\u00e8gles et engagements d\u00e9finis en 1\/2 journ\u00e9e de solidarit\u00e9 du 24 aout 2016"},"content":{"rendered":"<table style=\"height: 13px\" width=\"252\">\n<tbody>\n<tr>\n<td width=\"286\"><\/td>\n<\/tr>\n<\/tbody>\n<\/table>\n<p>&nbsp;<\/p>\n<p>&nbsp;<\/p>\n<p><strong><em>Coll\u00e8ge du 12<sup>\u00e8me<\/sup><\/em><\/strong><\/p>\n<p><strong><em>94 rue Georges Pompidou<\/em><\/strong><\/p>\n<p><strong><em>97430 Le Tampon<\/em><\/strong><\/p>\n<p><em><u>R\u00e9f.<\/u><\/em><strong> :<\/strong> <strong>NDS2016-85<\/strong><\/p>\n<p><em><u>Objet<\/u><\/em><strong> : Eclipse du 1<sup>er<\/sup> septembre 2016 \u2013 R\u00e8gles et engagements<\/strong><\/p>\n<p>Mesdames et Messieurs les Parents d\u2019\u00e9l\u00e8ves sont inform\u00e9s ci-dessous de l\u2019organisation de l\u2019observation de l\u2019\u00e9clipse du 1<sup>er<\/sup> septembre 2016 de 12h20 \u00e0 15h40, en particulier concernant les points 1 \u00e0 4.<\/p>\n<p>Recevez nos meilleures salutations. \u00a0\u00a0\u00a0\u00a0\u00a0 \u00a0\u00a0\u00a0\u00a0\u00a0\u00a0\u00a0\u00a0\u00a0\u00a0\u00a0\u00a0\u00a0\u00a0\u00a0\u00a0\u00a0\u00a0\u00a0\u00a0\u00a0\u00a0\u00a0\u00a0\u00a0\u00a0\u00a0\u00a0\u00a0\u00a0 CCourr\u00e9jou\u00a0\u00a0\u00a0\u00a0\u00a0\u00a0\u00a0\u00a0\u00a0\u00a0\u00a0\u00a0\u00a0\u00a0\u00a0\u00a0\u00a0\u00a0\u00a0\u00a0\u00a0\u00a0\u00a0\u00a0\u00a0\u00a0\u00a0\u00a0\u00a0\u00a0\u00a0\u00a0\u00a0\u00a0\u00a0\u00a0\u00a0\u00a0\u00a0\u00a0\u00a0\u00a0\u00a0 \u00a0\u00a0\u00a0\u00a0\u00a0\u00a0\u00a0\u00a0\u00a0\u00a0\u00a0\u00a0\u00a0\u00a0\u00a0\u00a0\u00a0\u00a0\u00a0\u00a0\u00a0\u00a0\u00a0\u00a0\u00a0\u00a0\u00a0\u00a0\u00a0\u00a0\u00a0\u00a0\u00a0\u00a0\u00a0\u00a0\u00a0\u00a0\u00a0\u00a0\u00a0\u00a0\u00a0\u00a0\u00a0\u00a0 \u00a0\u00a0\u00a0\u00a0\u00a0\u00a0\u00a0\u00a0\u00a0\u00a0\u00a0\u00a0\u00a0\u00a0\u00a0\u00a0\u00a0\u00a0\u00a0\u00a0\u00a0\u00a0\u00a0\u00a0\u00a0\u00a0\u00a0\u00a0\u00a0\u00a0 \u00a0\u00a0\u00a0\u00a0\u00a0\u00a0\u00a0\u00a0\u00a0\u00a0\u00a0\u00a0\u00a0\u00a0\u00a0 Principal<\/p>\n<p>&nbsp;<\/p>\n<p><strong>\u00a0<\/strong><\/p>\n<p><strong>1\/ <u>RESPONSABILITE<\/u>\u00a0: <\/strong><\/p>\n<ul>\n<li><strong>La pr\u00e9sence de l\u2019\u00e9l\u00e8ve au coll\u00e8ge le 1<sup>er<\/sup> septembre 2016 vaut acceptation et engagement inconditionnel par les parents et les enfants \u00e0 respecter les r\u00e8gles de s\u00e9curit\u00e9 \u00e9dict\u00e9es par le coll\u00e8ge, <u>r\u00e8gles qu\u2019il vous est par ailleurs demand\u00e9 de rappeler \u00e0 votre enfant \u00e0 la maison<\/u>. <\/strong><\/li>\n<li><strong>Les parents qui ne souhaitent pas que leur enfant participe \u00e0 l\u2019observation ou qui consid\u00e8rent que leur enfant ne sera pas \u00e0 m\u00eame de respecter les r\u00e8gles sont pri\u00e9s de le garder \u00e0 \u00a0leur domicile pour la journ\u00e9e du 1<sup>er<\/sup> septembre 2016.<\/strong><\/li>\n<\/ul>\n<p><strong><u>\u00a0<\/u><\/strong><\/p>\n<p><strong>2\/ <u>REGLES DE SECURITE ET\u00a0 RISQUES<\/u><\/strong>\u00a0:<\/p>\n<p><strong>2-1<\/strong> <strong>L\u2019observation de l\u2019\u00e9clipse sans lunettes m\u00eame de tr\u00e8s courte dur\u00e9e\u00a0 provoquera des l\u00e9sions de la corn\u00e9e ou de la r\u00e9tine et entrainera une perte de la vue d\u00e9finitive sans qu\u2019aucune douleur ne soit ressentie. <\/strong><\/p>\n<p><strong>2-2 \u00a0Ainsi il est imp\u00e9ratif\u00a0: <\/strong><\/p>\n<ul>\n<li><strong>De mettre ses lunettes en tournant le dos au soleil<\/strong><\/li>\n<li><strong>De ne jamais regarder l\u2019\u00e9clipse sans les lunettes fournies par le coll\u00e8ge<\/strong><\/li>\n<li><strong>De prendre soin de ses lunettes et de ne pas les utiliser si elles sont ray\u00e9es<\/strong><\/li>\n<li><strong>De signaler tout probl\u00e8me <\/strong><\/li>\n<li><strong>De strictement se conformer aux ordres des encadrants<\/strong><\/li>\n<\/ul>\n<p><strong><u>\u00a0<\/u><\/strong><\/p>\n<p><strong>3\/ <u>EMPLOI DU TEMPS<\/u> et organisation <\/strong><\/p>\n<p><strong>3-1 Un emploi du temps modifi\u00e9 permettant la prise en charge des \u00e9l\u00e8ves de 12h \u00e0 15h40 vous sera transmis dans le carnet de correspondance des \u00e9l\u00e8ves. <\/strong><\/p>\n<p><strong>3-2 Un repas sandwich\u00a0 sera servi \u00e0 partir de 10h30. <\/strong><\/p>\n<p><strong>3-3 Les \u00e9l\u00e8ves monteront en salle avec le professeur pr\u00e9vu \u00e0 l\u2019emploi du temps \u00e012h. La sonnerie sera neutralis\u00e9e, la fin de chaque cours annonc\u00e9e au micro. Les professeurs d\u2019EPS ont une salle d\u00e9sign\u00e9e. La r\u00e9cr\u00e9ation de l\u2019apr\u00e8s-midi interviendra \u00e0 15h40, \u00e0 la fin de l\u2019\u00e9clipse.<\/strong><\/p>\n<p><strong>\u00a0<\/strong><\/p>\n<p><strong>4\/ <u>ELEVES EXTERNES<\/u><\/strong><\/p>\n<p><strong>4-1 Les \u00e9l\u00e8ves externes quitteront le coll\u00e8ge \u00e0 10h35 et seront revenus avant 11h45. <\/strong><\/p>\n<p><strong>4-2 Le portail sera ferm\u00e9 \u00e0 12h<\/strong><\/p>\n<p><strong>\u00a0<\/strong><\/p>\n<p><strong>\u00a0<\/strong><\/p>\n<p><strong>Au tampon, le &#8230;&#8230;&#8230;.\/\u2026..\u2026.\/\u2026\u2026\u2026<\/strong><\/p>\n<p><strong>\u00a0<\/strong><\/p>\n<p><strong>Nous soussign\u00e9s, \u00a0Parents de l\u2019enfant\u2026\u2026\u2026\u2026\u2026\u2026\u2026\u2026\u2026\u2026\u2026\u2026\u2026.\u2026..Classe\u2026\u2026\u2026\u2026\u2026\u2026\u2026\u2026..<\/strong><\/p>\n<p><strong>\u25a0 Certifions avoir pris connaissance des point 1 \u00e0 4 de la NDS2016-85<\/strong><\/p>\n<p><strong>\u00a0<\/strong><\/p>\n<p><strong>Nom et Signature du p\u00e8re\u00a0 \u00a0Nom et signature de la \u00a0m\u00e8re\u00a0\u00a0\u00a0\u00a0 Nom et signature du repr\u00e9sentant l\u00e9gal<\/strong><\/p>\n<p><strong>\u00a0<\/strong><\/p>\n<p><strong>\u00a0<\/strong><\/p>\n<p><strong>\u00a0<\/strong><\/p>\n<p><strong>A coller dans le carnet de correspondance, faire signer par les parents pour le lundi 29 septembre 2016 et VERIFIER LA SIGNATURE<\/strong><\/p>\n","protected":false},"excerpt":{"rendered":"<p>&nbsp; &nbsp; Coll\u00e8ge du 12\u00e8me 94 rue Georges Pompidou 97430 Le Tampon R\u00e9f. : NDS2016-85 Objet : Eclipse du 1er septembre 2016 \u2013 R\u00e8gles et engagements Mesdames et Messieurs les Parents d\u2019\u00e9l\u00e8ves sont inform\u00e9s ci-dessous de l\u2019organisation de l\u2019observation de l\u2019\u00e9clipse du 1er septembre 2016 de 12h20 \u00e0 15h40, en &hellip;<\/p>\n","protected":false},"author":30,"featured_media":0,"comment_status":"closed","ping_status":"closed","sticky":false,"template":"","format":"standard","meta":{"footnotes":"","_links_to":"","_links_to_target":""},"categories":[2,9],"tags":[],"class_list":["post-1017","post","type-post","status-publish","format-standard","hentry","category-informations-aux-familles","category-profs"],"_links":{"self":[{"href":"https:\/\/etab.ac-reunion.fr\/clg-12eme\/wp-json\/wp\/v2\/posts\/1017","targetHints":{"allow":["GET"]}}],"collection":[{"href":"https:\/\/etab.ac-reunion.fr\/clg-12eme\/wp-json\/wp\/v2\/posts"}],"about":[{"href":"https:\/\/etab.ac-reunion.fr\/clg-12eme\/wp-json\/wp\/v2\/types\/post"}],"author":[{"embeddable":true,"href":"https:\/\/etab.ac-reunion.fr\/clg-12eme\/wp-json\/wp\/v2\/users\/30"}],"replies":[{"embeddable":true,"href":"https:\/\/etab.ac-reunion.fr\/clg-12eme\/wp-json\/wp\/v2\/comments?post=1017"}],"version-history":[{"count":1,"href":"https:\/\/etab.ac-reunion.fr\/clg-12eme\/wp-json\/wp\/v2\/posts\/1017\/revisions"}],"predecessor-version":[{"id":1018,"href":"https:\/\/etab.ac-reunion.fr\/clg-12eme\/wp-json\/wp\/v2\/posts\/1017\/revisions\/1018"}],"wp:attachment":[{"href":"https:\/\/etab.ac-reunion.fr\/clg-12eme\/wp-json\/wp\/v2\/media?parent=1017"}],"wp:term":[{"taxonomy":"category","embeddable":true,"href":"https:\/\/etab.ac-reunion.fr\/clg-12eme\/wp-json\/wp\/v2\/categories?post=1017"},{"taxonomy":"post_tag","embeddable":true,"href":"https:\/\/etab.ac-reunion.fr\/clg-12eme\/wp-json\/wp\/v2\/tags?post=1017"}],"curies":[{"name":"wp","href":"https:\/\/api.w.org\/{rel}","templated":true}]}}