{"id":1019,"date":"2016-08-29T16:56:23","date_gmt":"2016-08-29T12:56:23","guid":{"rendered":"http:\/\/college-12eme.ac-reunion.fr\/?p=1019"},"modified":"2016-08-29T16:59:09","modified_gmt":"2016-08-29T12:59:09","slug":"emplois-du-temps-modifies-du-1er-septembre-2016-et-mesures-de-securisation","status":"publish","type":"post","link":"https:\/\/etab.ac-reunion.fr\/clg-12eme\/emplois-du-temps-modifies-du-1er-septembre-2016-et-mesures-de-securisation\/","title":{"rendered":"Emplois du temps modifi\u00e9s du 1er septembre 2016 et mesures de s\u00e9curisation"},"content":{"rendered":"<p>Mesdames et Messieurs les parents d&rsquo;\u00e9l\u00e8ves sont inform\u00e9s des modifications d&#8217;emploi du temps pour la journ\u00e9e du 1er septembre 2016 d&rsquo;observation de l&rsquo;\u00e9clipse, en pi\u00e8ce jointe ci-dessous ainsi que des mesures d&rsquo;organisations prises.<\/p>\n<p>Bien cordialement.<\/p>\n<p>CCourrejou<\/p>\n<p>Principal<\/p>\n<p>&nbsp;<\/p>\n<p><a href=\"https:\/\/etab.ac-reunion.fr\/clg-12eme\/wp-content\/uploads\/sites\/6\/2016\/08\/NDS2016-86_Annexe_2_Edt_classes_Eclipse_FIN4.pdf\">NDS2016-86_Annexe_2_Edt_classes_Eclipse_FIN4<\/a><\/p>\n<ul>\n<li><strong><u>Sch\u00e9ma d\u2019organisation de la journ\u00e9e du 1<sup>er<\/sup> septembre 2016<\/u><\/strong><\/li>\n<\/ul>\n<ul>\n<li><strong>Horaires, sonneries et fermeture<\/strong><\/li>\n<\/ul>\n<p>\u25a0 Horaires et sonneries sont inchang\u00e9s en M1\/M2\/M3<\/p>\n<p>\u25a0 Apr\u00e8s 10h35, la sonnerie est neutralis\u00e9e<\/p>\n<p>\u25a0 Les d\u00e9buts et fins de cours sont annonc\u00e9s oralement au micro<\/p>\n<p>\u25a0 Le portail sera ferm\u00e9 de 12h \u00e0 15h40 \u2013 Pas de sorties ou entr\u00e9es des \u00e9l\u00e8ves sur ce cr\u00e9neau hors de la pr\u00e9sence et signature des Parents.<\/p>\n<ul>\n<li><strong>Changements d\u2019horaires et de mode de sonner<\/strong>ie<\/li>\n<\/ul>\n<p>\u25a0 De 10h35 \u00e0 11h30, les \u00bd pensionnaires retirent leur repas \u00e0 la cantine et d\u00e9jeunent dans la cour.<\/p>\n<p><u>NB<\/u>\u00a0: Il \u00a0est rappel\u00e9 aux \u00e9l\u00e8ves qu\u2019ils ont l\u2019obligation de d\u00e9poser les d\u00e9chets de leurs repas dans les poubelles \u00a0\u00a0(R\u00e8glement int\u00e9rieur Point IA \u2013 Respect des autres \u2013 ob\u00e9issance, ID1 d\u00e9gradations\u2026)<\/p>\n<p>\u25a0 Les appels au micro indiqueront les d\u00e9buts et fins d\u2019heures et les mouvements d\u2019observation<\/p>\n<p><u>NB<\/u>\u00a0: Aucun mouvement de classe sans appel au micro ne doit intervenir<\/p>\n<p><strong>\u25ba <u>HEURE \u00a0S0 de 11h55 \u00e0 13h15<\/u><\/strong><\/p>\n<p>Appel au micro \u00e0 11h55 pour le rangement des \u00e9l\u00e8ves sur les rangs et mont\u00e9e en classe<\/p>\n<p>\u25a0 Rappel des consignes de s\u00e9curit\u00e9 aux \u00e9l\u00e8ves par les professeurs et distribution des lunettes en rappelant qu\u2019ils doivent en prendre soin (cf. 2.2)<\/p>\n<p>\u25a0 A 12h10, appel au micro pour la PREMIERE OBSERVATION et descente en ordre sur les lieux d\u2019observation en respectant les parcours et les lieux indiqu\u00e9s en<\/p>\n<p><u>NB<\/u>\u00a0: Les enseignants sont libres de d\u00e9cider de rejoindre leur salle ou d\u2019exclure un \u00e9l\u00e8ve en cas de comportement dangereux. L\u2019\u00e9l\u00e8ve est syst\u00e9matiquement accompagn\u00e9 d\u2019un surveillant vers la salle de permanence.<\/p>\n<p>\u25a0 A 12h35, appel au micro signifiant la fin de la 1<sup>\u00e8re<\/sup> observation et\u00a0 REMONTEE en classe<\/p>\n<p>\u25a0<u>A 13h13 appel au micro fin de la 1<sup>\u00e8re<\/sup> HEURE DITE S0<\/u><\/p>\n<p><strong>\u25ba <u>HEURE \u00a0S1 de 13h17 \u00e0 14h35<\/u><\/strong><\/p>\n<p>Appel au micro pour annoncer le d\u00e9but de S1<\/p>\n<p>\u25a0 Rappel des consignes de s\u00e9curit\u00e9 aux \u00e9l\u00e8ves par les professeurs<\/p>\n<p>\u25a0 Cours sur l\u2019\u00e9clipse<\/p>\n<p>\u25a0 A 14h, appel au micro pour la DEUXIEME OBSERVATION et descente en ordre sur les lieux d\u2019observation en respectant les parcours et les lieux indiqu\u00e9s en 1-3<\/p>\n<p>\u25a0 A 14h35, appel au micro pour annoncer la fin de S1<\/p>\n<p><strong>\u25ba <u>HEURE S2 de 14h35 \u00e0 15h45<\/u><\/strong><\/p>\n<p>Appel au micro pour annoncer le d\u00e9but de S2<\/p>\n<p>\u25a0 Cours sur l\u2019\u00e9clipse<\/p>\n<p><u>NB<\/u>\u00a0: Pas d\u2019observation. Les enseignants veillent, dans les salles expos\u00e9es, \u00e0 maintenir les rideaux ferm\u00e9s<\/p>\n<p>\u25a0 L\u2019organisation d\u2019une observation compl\u00e9mentaire \u00e0 partir de la salle est possible si l\u2019enseignant estime que les conditions de s\u00e9curit\u00e9 sont r\u00e9unies<\/p>\n<p>\u25a0 A 14h 40 Fin de l\u2019\u00e9clipse &#8211; R\u00e9cr\u00e9ation, sortie des \u00e9l\u00e8ves qui n\u2019ont pas cours<\/p>\n<p><u>NB\u00a0<\/u>: La r\u00e9cr\u00e9ation sera indiqu\u00e9e par appel au micro d\u00e8s la fin constat\u00e9e de l\u2019\u00e9clipse<\/p>\n<ul>\n<li><strong><u>Lieux d\u2019observation et Itin\u00e9raires de d\u00e9placement<\/u><\/strong><\/li>\n<\/ul>\n<p>\u25a0 Zone 1 de rangement en rang et d\u2019observation\u00a0: Cour sup\u00e9rieure en herbe + espace hors cl\u00f4ture<\/p>\n<p>Salles concern\u00e9es\u00a0: 118 \u00e0 122\/220 \u00e0 225<\/p>\n<p>Itin\u00e9raire\u00a0: escalier de la zone<\/p>\n<p>\u25a0 Zone 2 de rangement en rang et d\u2019observation\u00a0: Cour centrale<\/p>\n<p>Salles concern\u00e9es\u00a0: 110 \u00e0 116\/213 \u00e0 219<\/p>\n<p>Itin\u00e9raire\u00a0: escalier central<\/p>\n<p>\u25a0 Zone 3 de rangement en rang et d\u2019observation\u00a0: Terrain sportif vert<\/p>\n<p>Salles concern\u00e9es\u00a0: 105 \u00e0 107\/207 \u00e0 212<\/p>\n<p>Itin\u00e9raire\u00a0: escalier central<\/p>\n<p>\u25a0 Zone 3 de rangement en rang et d\u2019observation\u00a0: Plateau sportif rouge<\/p>\n<p>Salles concern\u00e9es\u00a0: 102 \u00e0 104\/ 201 \u00e0 205\/303 \u00e0 309<\/p>\n<p>Itin\u00e9raire\u00a0: escalier aile sud \u2013 descente par l\u2019escalier du r\u00e9fectoire<\/p>\n<p><strong>2 \u00a0<u>Consignes de s\u00e9curit\u00e9, \u00a0risques, situations particuli\u00e8res<\/u><\/strong><\/p>\n<p>2-1 L\u2019observation de l\u2019\u00e9clipse sans lunettes m\u00eame de tr\u00e8s courte dur\u00e9e\u00a0 provoquera des l\u00e9sions de la corn\u00e9e ou de la r\u00e9tine et entrainera une perte de la vue d\u00e9finitive sans qu\u2019aucune douleur ne soit ressentie.<\/p>\n<p>Il est rappel\u00e9 que les enseignants de Sciences sont prioritairement charg\u00e9s de d\u00e9montrer les raisons du danger d\u2019exposition des yeux \u00e0 l\u2019\u00e9clipse.<\/p>\n<p>Tous les enseignants sont charg\u00e9s de rappeler les risques encourus, les consignes de s\u00e9curit\u00e9 et de montrer les gestes \u00e0 faire et ne pas faire d\u00e8s la premier heure de la matin\u00e9e.<\/p>\n<p>Tous les Personnels, AED, AESH, ATTE, Professeurs pr\u00e9sents dans l\u2019\u00e9tablissement, Administration, Sant\u00e9 , Social seront sur les lieux d\u2019observation pour surveiller les \u00e9l\u00e8ves et emp\u00eacher les comportements \u00e0 risque. Des Parents viendront apporter leurs concours \u00e0 cette op\u00e9ration de s\u00e9curisation.<\/p>\n","protected":false},"excerpt":{"rendered":"<p>Mesdames et Messieurs les parents d&rsquo;\u00e9l\u00e8ves sont inform\u00e9s des modifications d&#8217;emploi du temps pour la journ\u00e9e du 1er septembre 2016 d&rsquo;observation de l&rsquo;\u00e9clipse, en pi\u00e8ce jointe ci-dessous ainsi que des mesures d&rsquo;organisations prises. Bien cordialement. CCourrejou Principal &nbsp; NDS2016-86_Annexe_2_Edt_classes_Eclipse_FIN4 Sch\u00e9ma d\u2019organisation de la journ\u00e9e du 1er septembre 2016 Horaires, sonneries &hellip;<\/p>\n","protected":false},"author":30,"featured_media":0,"comment_status":"closed","ping_status":"closed","sticky":false,"template":"","format":"standard","meta":{"footnotes":"","_links_to":"","_links_to_target":""},"categories":[2,9],"tags":[],"class_list":["post-1019","post","type-post","status-publish","format-standard","hentry","category-informations-aux-familles","category-profs"],"_links":{"self":[{"href":"https:\/\/etab.ac-reunion.fr\/clg-12eme\/wp-json\/wp\/v2\/posts\/1019","targetHints":{"allow":["GET"]}}],"collection":[{"href":"https:\/\/etab.ac-reunion.fr\/clg-12eme\/wp-json\/wp\/v2\/posts"}],"about":[{"href":"https:\/\/etab.ac-reunion.fr\/clg-12eme\/wp-json\/wp\/v2\/types\/post"}],"author":[{"embeddable":true,"href":"https:\/\/etab.ac-reunion.fr\/clg-12eme\/wp-json\/wp\/v2\/users\/30"}],"replies":[{"embeddable":true,"href":"https:\/\/etab.ac-reunion.fr\/clg-12eme\/wp-json\/wp\/v2\/comments?post=1019"}],"version-history":[{"count":3,"href":"https:\/\/etab.ac-reunion.fr\/clg-12eme\/wp-json\/wp\/v2\/posts\/1019\/revisions"}],"predecessor-version":[{"id":1023,"href":"https:\/\/etab.ac-reunion.fr\/clg-12eme\/wp-json\/wp\/v2\/posts\/1019\/revisions\/1023"}],"wp:attachment":[{"href":"https:\/\/etab.ac-reunion.fr\/clg-12eme\/wp-json\/wp\/v2\/media?parent=1019"}],"wp:term":[{"taxonomy":"category","embeddable":true,"href":"https:\/\/etab.ac-reunion.fr\/clg-12eme\/wp-json\/wp\/v2\/categories?post=1019"},{"taxonomy":"post_tag","embeddable":true,"href":"https:\/\/etab.ac-reunion.fr\/clg-12eme\/wp-json\/wp\/v2\/tags?post=1019"}],"curies":[{"name":"wp","href":"https:\/\/api.w.org\/{rel}","templated":true}]}}