{"id":1026,"date":"2016-08-31T10:41:38","date_gmt":"2016-08-31T06:41:38","guid":{"rendered":"http:\/\/college-12eme.ac-reunion.fr\/?p=1026"},"modified":"2016-08-31T10:41:38","modified_gmt":"2016-08-31T06:41:38","slug":"classe-de-3f-le-1er-septembre","status":"publish","type":"post","link":"https:\/\/etab.ac-reunion.fr\/clg-12eme\/classe-de-3f-le-1er-septembre\/","title":{"rendered":"Classe de 3F le 1er septembre"},"content":{"rendered":"<p>La classe de 3F n&rsquo;a pas cours le jeudi apr\u00e8s-midi.<\/p>\n<p>Les externes quittent le coll\u00e8ge \u00e0 10h30.<\/p>\n<p>Les 1\/2 pensionnaires prendront leur repas de 10h30 \u00e0 11h30 et pourront rentrer chez eux.Les \u00e9l\u00e8ves transport\u00e9s qui resteront au coll\u00e8ge seront pris en charge en permanence.<\/p>\n<p>L&rsquo;observation de l&rsquo;\u00e9clipse ne peut pas leur \u00eatre garantie<\/p>\n<p>&nbsp;<\/p>\n<p>&nbsp;<\/p>\n","protected":false},"excerpt":{"rendered":"<p>La classe de 3F n&rsquo;a pas cours le jeudi apr\u00e8s-midi. Les externes quittent le coll\u00e8ge \u00e0 10h30. Les 1\/2 pensionnaires prendront leur repas de 10h30 \u00e0 11h30 et pourront rentrer chez eux.Les \u00e9l\u00e8ves transport\u00e9s qui resteront au coll\u00e8ge seront pris en charge en permanence. L&rsquo;observation de l&rsquo;\u00e9clipse ne peut pas &hellip;<\/p>\n","protected":false},"author":30,"featured_media":0,"comment_status":"closed","ping_status":"closed","sticky":false,"template":"","format":"standard","meta":{"footnotes":"","_links_to":"","_links_to_target":""},"categories":[2,9],"tags":[],"class_list":["post-1026","post","type-post","status-publish","format-standard","hentry","category-informations-aux-familles","category-profs"],"_links":{"self":[{"href":"https:\/\/etab.ac-reunion.fr\/clg-12eme\/wp-json\/wp\/v2\/posts\/1026","targetHints":{"allow":["GET"]}}],"collection":[{"href":"https:\/\/etab.ac-reunion.fr\/clg-12eme\/wp-json\/wp\/v2\/posts"}],"about":[{"href":"https:\/\/etab.ac-reunion.fr\/clg-12eme\/wp-json\/wp\/v2\/types\/post"}],"author":[{"embeddable":true,"href":"https:\/\/etab.ac-reunion.fr\/clg-12eme\/wp-json\/wp\/v2\/users\/30"}],"replies":[{"embeddable":true,"href":"https:\/\/etab.ac-reunion.fr\/clg-12eme\/wp-json\/wp\/v2\/comments?post=1026"}],"version-history":[{"count":1,"href":"https:\/\/etab.ac-reunion.fr\/clg-12eme\/wp-json\/wp\/v2\/posts\/1026\/revisions"}],"predecessor-version":[{"id":1027,"href":"https:\/\/etab.ac-reunion.fr\/clg-12eme\/wp-json\/wp\/v2\/posts\/1026\/revisions\/1027"}],"wp:attachment":[{"href":"https:\/\/etab.ac-reunion.fr\/clg-12eme\/wp-json\/wp\/v2\/media?parent=1026"}],"wp:term":[{"taxonomy":"category","embeddable":true,"href":"https:\/\/etab.ac-reunion.fr\/clg-12eme\/wp-json\/wp\/v2\/categories?post=1026"},{"taxonomy":"post_tag","embeddable":true,"href":"https:\/\/etab.ac-reunion.fr\/clg-12eme\/wp-json\/wp\/v2\/tags?post=1026"}],"curies":[{"name":"wp","href":"https:\/\/api.w.org\/{rel}","templated":true}]}}