{"id":1028,"date":"2016-08-31T13:12:29","date_gmt":"2016-08-31T09:12:29","guid":{"rendered":"http:\/\/college-12eme.ac-reunion.fr\/?p=1028"},"modified":"2016-08-31T13:12:29","modified_gmt":"2016-08-31T09:12:29","slug":"previsions-dencadrement-de-leclipse","status":"publish","type":"post","link":"https:\/\/etab.ac-reunion.fr\/clg-12eme\/previsions-dencadrement-de-leclipse\/","title":{"rendered":"Pr\u00e9visions d&rsquo;encadrement de l&rsquo;\u00e9clipse"},"content":{"rendered":"<p>Remerciements anticip\u00e9s pour les Parents d&rsquo;\u00e9l\u00e8ves qui participent \u00e0 l&rsquo;encadrement et sont ainsi agents temporaires ; \u00e9galement \u00e0 tous les Personnels qui en service ou hors service seront pr\u00e9sent pour cet \u00e9v\u00e8nement.<\/p>\n<p>Le Principal<\/p>\n<p>&nbsp;<\/p>\n<p><strong>\u00a0<\/strong><\/p>\n<p><strong>ANNEXE 3\u00a0: POSITIONS ET APPUIS AUX \u00a0\u00a0ENCADRANTS PENDANT LES PERIODES D\u2019OBSERVATION DE L\u2019ECLIPSE<\/strong><\/p>\n<p><strong>\u00a0<\/strong><\/p>\n<p><strong>NDS2016-86 \u00a0\u00a0\u00a0\u00a0\u00a0\u00a0<\/strong><\/p>\n<p><strong>\u00a0\u00a0\u00a0\u00a0\u00a0\u00a0\u00a0 <\/strong><\/p>\n<p>\u25a0 \u00a0<u>Zone 1 de rangement en rang et d\u2019observation\u00a0<\/u><u>: Cour sup\u00e9rieure en herbe + espace hors cl\u00f4ture<\/u><\/p>\n<p>Salles concern\u00e9es\u00a0: 118 \u00e0 122\/220 \u00e0 225<\/p>\n<p>Itin\u00e9raire\u00a0: escalier de la zone<\/p>\n<p>Responsable Mme LAURET<\/p>\n<p>&nbsp;<\/p>\n<table>\n<tbody>\n<tr>\n<td colspan=\"4\" width=\"567\">ZONE 1\u00a0 Observation\u00a0 S0 12h10<\/td>\n<\/tr>\n<tr>\n<td width=\"75\">Salles<\/td>\n<td width=\"76\">Classe<\/td>\n<td width=\"170\">Professeur<\/td>\n<td width=\"246\">Appui<\/td>\n<\/tr>\n<tr>\n<td width=\"75\">118<\/td>\n<td width=\"76\">5B<\/td>\n<td width=\"170\">BARET<\/td>\n<td width=\"246\">DELAPLACE JR<\/td>\n<\/tr>\n<tr>\n<td width=\"75\">121<\/td>\n<td width=\"76\">5D<\/td>\n<td width=\"170\">DOLE<\/td>\n<td width=\"246\">TECHER Sylvie AESH<\/td>\n<\/tr>\n<tr>\n<td width=\"75\">122<\/td>\n<td width=\"76\">5G<\/td>\n<td width=\"170\">LESCAT<\/td>\n<td width=\"246\">VAITILINGOM Vanessa AESH<\/td>\n<\/tr>\n<tr>\n<td width=\"75\">221<\/td>\n<td width=\"76\">4F<\/td>\n<td width=\"170\">DALARD<\/td>\n<td width=\"246\">BAYANTE Pierrette ATTE<\/td>\n<\/tr>\n<tr>\n<td width=\"75\">222<\/td>\n<td width=\"76\">6B<\/td>\n<td width=\"170\">RAMSAMY (Dijoux C.)<\/td>\n<td width=\"246\">RICHER MJ.<\/td>\n<\/tr>\n<tr>\n<td width=\"75\">223<\/td>\n<td width=\"76\">6G<\/td>\n<td width=\"170\">BOYER ORANGE<\/td>\n<td width=\"246\">Mme Hoareau Fabiola Parent<\/td>\n<\/tr>\n<tr>\n<td width=\"75\">224<\/td>\n<td width=\"76\">6E<\/td>\n<td width=\"170\">CODARBOX<\/td>\n<td width=\"246\">Mme Cabaret Yla Parent<\/td>\n<\/tr>\n<\/tbody>\n<\/table>\n<p>&nbsp;<\/p>\n<table>\n<tbody>\n<tr>\n<td colspan=\"4\" width=\"567\">ZONE 1 Observation\u00a0 S1 14h<\/td>\n<\/tr>\n<tr>\n<td width=\"75\">Salles<\/td>\n<td width=\"76\">Classe<\/td>\n<td width=\"170\">Professeur<\/td>\n<td width=\"246\">Appui<\/td>\n<\/tr>\n<tr>\n<td width=\"75\">118<\/td>\n<td width=\"76\">3D<\/td>\n<td width=\"170\">RAMSAMY<\/td>\n<td width=\"246\">DELAPLACE JR<\/td>\n<\/tr>\n<tr>\n<td width=\"75\">121<\/td>\n<td width=\"76\">6A<\/td>\n<td width=\"170\">ROBERT<\/td>\n<td width=\"246\">TECHER Sylvie AESH<\/td>\n<\/tr>\n<tr>\n<td width=\"75\">122<\/td>\n<td width=\"76\">5F<\/td>\n<td width=\"170\">LESCAT<\/td>\n<td width=\"246\">RICHER MJ.<\/td>\n<\/tr>\n<tr>\n<td width=\"75\">224<\/td>\n<td width=\"76\">6D<\/td>\n<td width=\"170\">CODARBOX<\/td>\n<td width=\"246\">VAITILINGOM Vanessa AESH<\/td>\n<\/tr>\n<\/tbody>\n<\/table>\n<p>&nbsp;<\/p>\n<p>&nbsp;<\/p>\n<p>&nbsp;<\/p>\n<p>&nbsp;<\/p>\n<p>&nbsp;<\/p>\n<p>\u25a0 <u>Zone 2 de rangement en rang et d\u2019observation\u00a0: Cour centrale<\/u><\/p>\n<p>Salles concern\u00e9es\u00a0: 110 \u00e0 116\/213 \u00e0 219<\/p>\n<p>Itin\u00e9raire\u00a0: escalier central<\/p>\n<p>Responsable M. COURREJOU<\/p>\n<p>&nbsp;<\/p>\n<table>\n<tbody>\n<tr>\n<td colspan=\"4\" width=\"567\">ZONE 2 Observation\u00a0 S0 12h10<\/td>\n<\/tr>\n<tr>\n<td width=\"75\">Salles<\/td>\n<td width=\"76\">Classe<\/td>\n<td width=\"170\">Professeur<\/td>\n<td width=\"246\">Appui<\/td>\n<\/tr>\n<tr>\n<td width=\"75\">110<\/td>\n<td width=\"76\">3E<\/td>\n<td width=\"170\">PIERSON<\/td>\n<td width=\"246\">NECHE Cindy AESH<\/td>\n<\/tr>\n<tr>\n<td width=\"75\">114<\/td>\n<td width=\"76\">3G<\/td>\n<td width=\"170\">LEGENDRE<\/td>\n<td width=\"246\">ROUSSEAU Corinne AESH<\/td>\n<\/tr>\n<tr>\n<td width=\"75\">115<\/td>\n<td width=\"76\">4D<\/td>\n<td width=\"170\">JUNGER<\/td>\n<td width=\"246\">SERVAN Laurent ATTE<\/td>\n<\/tr>\n<tr>\n<td width=\"75\">218<\/td>\n<td width=\"76\">5C<\/td>\n<td width=\"170\">LAVENANT<\/td>\n<td width=\"246\">GALMARD Dominique ATTE<\/td>\n<\/tr>\n<tr>\n<td width=\"75\">219<\/td>\n<td width=\"76\">5F<\/td>\n<td width=\"170\">BAIJOU DIKA<\/td>\n<td width=\"246\">PALIOD Hugues ATTE<\/td>\n<\/tr>\n<\/tbody>\n<\/table>\n<p>&nbsp;<\/p>\n<table>\n<tbody>\n<tr>\n<td colspan=\"4\" width=\"567\">ZONE 2 Observation\u00a0 S1 14h<\/td>\n<\/tr>\n<tr>\n<td width=\"75\">Salles<\/td>\n<td width=\"76\">Classe<\/td>\n<td width=\"170\">Professeur<\/td>\n<td width=\"246\">Appui<\/td>\n<\/tr>\n<tr>\n<td width=\"75\">110<\/td>\n<td width=\"76\">4B<\/td>\n<td width=\"170\">PIERSON<\/td>\n<td width=\"246\">NECHE Cindy AESH<\/td>\n<\/tr>\n<tr>\n<td width=\"75\">114<\/td>\n<td width=\"76\">5A<\/td>\n<td width=\"170\">BAIJOU DIKA<\/td>\n<td width=\"246\">ROUSSEAU Corinne AESH<\/td>\n<\/tr>\n<tr>\n<td width=\"75\">115<\/td>\n<td width=\"76\">4D<\/td>\n<td width=\"170\">JUNGER<\/td>\n<td width=\"246\">GABRIEL Janick AED<\/td>\n<\/tr>\n<tr>\n<td width=\"75\">213<\/td>\n<td width=\"76\">4C<\/td>\n<td width=\"170\">PAYET M.<\/td>\n<td width=\"246\">DALLEAU Priscilla AED<\/td>\n<\/tr>\n<tr>\n<td width=\"75\">216<\/td>\n<td width=\"76\">6G<\/td>\n<td width=\"170\">HOARAU<\/td>\n<td width=\"246\">VAITILINGOM Fabienne AED<\/td>\n<\/tr>\n<tr>\n<td width=\"75\">217<\/td>\n<td width=\"76\">6C<\/td>\n<td width=\"170\">BOYER<\/td>\n<td width=\"246\">AMASSY MOUTOUVIRIN ATTE<\/td>\n<\/tr>\n<\/tbody>\n<\/table>\n<p>&nbsp;<\/p>\n<p>&nbsp;<\/p>\n<p>&nbsp;<\/p>\n<p>&nbsp;<\/p>\n<p>&nbsp;<\/p>\n<p>&nbsp;<\/p>\n<p>&nbsp;<\/p>\n<p>&nbsp;<\/p>\n<p>\u25a0 Zone 3 de rangement en rang et d\u2019observation\u00a0: Terrain sportif vert<\/p>\n<p>Salles concern\u00e9es\u00a0: 105 \u00e0 109\/\/207 \u00e0 212<\/p>\n<p>Itin\u00e9raire\u00a0: escalier central<\/p>\n<p>Responsable M. HUET<\/p>\n<p>&nbsp;<\/p>\n<table>\n<tbody>\n<tr>\n<td colspan=\"4\" width=\"567\">ZONE 3\u00a0 Observation\u00a0 S0 12h10<\/td>\n<\/tr>\n<tr>\n<td width=\"75\">Salles<\/td>\n<td width=\"76\">Classe<\/td>\n<td width=\"170\">Professeur<\/td>\n<td width=\"246\">Appui<\/td>\n<\/tr>\n<tr>\n<td width=\"75\">105<\/td>\n<td width=\"76\">4C<\/td>\n<td width=\"170\">CHASSENIEUX<\/td>\n<td width=\"246\">MORIN Emma AESH<\/td>\n<\/tr>\n<tr>\n<td width=\"75\">106<\/td>\n<td width=\"76\">4E<\/td>\n<td width=\"170\">KOUAKOU<\/td>\n<td width=\"246\">FIRMINY Virginie AESH<\/td>\n<\/tr>\n<tr>\n<td width=\"75\">207<\/td>\n<td width=\"76\">3A<\/td>\n<td width=\"170\">HOUSSEN<\/td>\n<td width=\"246\">SERY Ang\u00e9lique AESH<\/td>\n<\/tr>\n<tr>\n<td width=\"75\">208<\/td>\n<td width=\"76\">4G<\/td>\n<td width=\"170\">BOMINTHE<\/td>\n<td width=\"246\">DE BOISVILLIERS Martine AED<\/td>\n<\/tr>\n<tr>\n<td width=\"75\">209<\/td>\n<td width=\"76\">5E<\/td>\n<td width=\"170\">GIBRALTA\/PAYET M.<\/td>\n<td width=\"246\">ANNETTE Ludovic AED<\/td>\n<\/tr>\n<tr>\n<td width=\"75\">212<\/td>\n<td width=\"76\">3C<\/td>\n<td width=\"170\">GAWRONSKI<\/td>\n<td width=\"246\">CLAIN Julie AESH<\/td>\n<\/tr>\n<\/tbody>\n<\/table>\n<p>&nbsp;<\/p>\n<table>\n<tbody>\n<tr>\n<td colspan=\"4\" width=\"567\">ZONE 3\u00a0 Observation\u00a0 S1 14h<\/td>\n<\/tr>\n<tr>\n<td width=\"75\">Salles<\/td>\n<td width=\"76\">Classe<\/td>\n<td width=\"170\">Professeur<\/td>\n<td width=\"246\">Appui<\/td>\n<\/tr>\n<tr>\n<td width=\"75\">105<\/td>\n<td width=\"76\">3A<\/td>\n<td width=\"170\">CHASSENIEUX<\/td>\n<td width=\"246\">BAYANTE Pierrette ATTE<\/td>\n<\/tr>\n<tr>\n<td width=\"75\">106<\/td>\n<td width=\"76\">3E<\/td>\n<td width=\"170\">KOUAKOU<\/td>\n<td width=\"246\">FIRMINY Virginie AESH<\/td>\n<\/tr>\n<tr>\n<td width=\"75\">109<\/td>\n<td width=\"76\">4F<\/td>\n<td width=\"170\">SORRES<\/td>\n<td width=\"246\">ROZET MA.<\/td>\n<\/tr>\n<tr>\n<td width=\"75\">207<\/td>\n<td width=\"76\">6F<\/td>\n<td width=\"170\">HOUSSEN<\/td>\n<td width=\"246\">SERY Ang\u00e9lique AESH<\/td>\n<\/tr>\n<tr>\n<td width=\"75\">208<\/td>\n<td width=\"76\">5D<\/td>\n<td width=\"170\">GIBRALTA<\/td>\n<td width=\"246\">DE BOISVILLIERS Martine AED<\/td>\n<\/tr>\n<tr>\n<td width=\"75\">209<\/td>\n<td width=\"76\">3H<\/td>\n<td width=\"170\">PAYET CH.<\/td>\n<td width=\"246\">ANNETTE Ludovic AED<\/td>\n<\/tr>\n<tr>\n<td width=\"75\">212<\/td>\n<td width=\"76\">3G<\/td>\n<td width=\"170\">GAWRONSKI<\/td>\n<td width=\"246\">CLAIN Julie AESH<\/td>\n<\/tr>\n<\/tbody>\n<\/table>\n<p>&nbsp;<\/p>\n<p>&nbsp;<\/p>\n<p>&nbsp;<\/p>\n<p>\u25a0 Zone 4 de rangement en rang et d\u2019observation\u00a0: Plateau sportif rouge<\/p>\n<p>Salles concern\u00e9es\u00a0: 102 \u00e0 104\/ 201 \u00e0 205\/303 \u00e0 309<\/p>\n<p>Itin\u00e9raire\u00a0: escalier aile sud \u2013 descente par l\u2019escalier du r\u00e9fectoire<\/p>\n<p>Responsable\u00a0: M. BABET<\/p>\n<p>&nbsp;<\/p>\n<table>\n<tbody>\n<tr>\n<td colspan=\"4\" width=\"567\">ZONE 4 Observation\u00a0 S0 12h10<\/td>\n<\/tr>\n<tr>\n<td width=\"75\">Salles<\/td>\n<td width=\"76\">Classe<\/td>\n<td width=\"170\">Professeur<\/td>\n<td width=\"246\">Appui<\/td>\n<\/tr>\n<tr>\n<td width=\"75\">INFORM<\/td>\n<td width=\"76\">3D<\/td>\n<td width=\"170\">CHEN<\/td>\n<td width=\"246\">Mme Bundy Patricia Parent<\/td>\n<\/tr>\n<tr>\n<td width=\"75\">103<\/td>\n<td width=\"76\">6C<\/td>\n<td width=\"170\">DIJOUX<\/td>\n<td width=\"246\">GABRIEL Janick AED<\/td>\n<\/tr>\n<tr>\n<td width=\"75\">104<\/td>\n<td width=\"76\">5A<\/td>\n<td width=\"170\">CHAFFRE<\/td>\n<td width=\"246\">LAPRAT Matthieu AED<\/td>\n<\/tr>\n<tr>\n<td width=\"75\">203<\/td>\n<td width=\"76\">4B<\/td>\n<td width=\"170\">BOYER LEPERLIER<\/td>\n<td width=\"246\">EVEN Sylvie\u00a0 POTTER Olivier ATTE<\/td>\n<\/tr>\n<tr>\n<td width=\"75\">204<\/td>\n<td width=\"76\">6F<\/td>\n<td width=\"170\">LATCHIMY<\/td>\n<td width=\"246\">BOYER Anne Charlotte AED<\/td>\n<\/tr>\n<tr>\n<td width=\"75\">205<\/td>\n<td width=\"76\">4A<\/td>\n<td width=\"170\">PAYET<\/td>\n<td width=\"246\">DALLEAU Priscilla AED<\/td>\n<\/tr>\n<tr>\n<td width=\"75\">306<\/td>\n<td width=\"76\">6D<\/td>\n<td width=\"170\">TINK LONG KI<\/td>\n<td width=\"246\">VAITILINGOM Fabienne AED<\/td>\n<\/tr>\n<tr>\n<td width=\"75\">307<\/td>\n<td width=\"76\">3B<\/td>\n<td width=\"170\">STRAZZULLA<\/td>\n<td width=\"246\">AMASSY MOUTOUVIRIN ATTE<\/td>\n<\/tr>\n<tr>\n<td width=\"75\">309<\/td>\n<td width=\"76\">6A<\/td>\n<td width=\"170\">SEYNAT<\/td>\n<td width=\"246\">BLANCO D. PALIOD H. ATTE<\/td>\n<\/tr>\n<\/tbody>\n<\/table>\n<p>&nbsp;<\/p>\n<table>\n<tbody>\n<tr>\n<td colspan=\"4\" width=\"567\">ZONE 4 Observation\u00a0 S1 14h<\/td>\n<\/tr>\n<tr>\n<td width=\"75\">Salles<\/td>\n<td width=\"76\">Classe<\/td>\n<td width=\"170\">Professeur<\/td>\n<td width=\"246\">Appui<\/td>\n<\/tr>\n<tr>\n<td width=\"75\">201<\/td>\n<td width=\"76\">3B<\/td>\n<td width=\"170\">LATCHIMY<\/td>\n<td width=\"246\">MORIN Emma AESH<\/td>\n<\/tr>\n<tr>\n<td width=\"75\">202<\/td>\n<td width=\"76\">4G<\/td>\n<td width=\"170\">DIAZ<\/td>\n<td width=\"246\">BRUTIER Teddy ATTE<\/td>\n<\/tr>\n<tr>\n<td width=\"75\">203<\/td>\n<td width=\"76\">6E<\/td>\n<td width=\"170\">LEPERLIER<\/td>\n<td width=\"246\">BLANCO Dany EVEN Sylvie AED<\/td>\n<\/tr>\n<tr>\n<td width=\"75\">204<\/td>\n<td width=\"76\">5G<\/td>\n<td width=\"170\">RABOUR<\/td>\n<td width=\"246\">BOYER Anne Charlotte AED<\/td>\n<\/tr>\n<tr>\n<td width=\"75\">205<\/td>\n<td width=\"76\">4E<\/td>\n<td width=\"170\">PISCIONE<\/td>\n<td width=\"246\">LAPRAT Matthieu AED<\/td>\n<\/tr>\n<tr>\n<td width=\"75\">306<\/td>\n<td width=\"76\">5C<\/td>\n<td width=\"170\">TINK LONG KI<\/td>\n<td width=\"246\">POTTER Olivier ATTE<\/td>\n<\/tr>\n<tr>\n<td width=\"75\">307<\/td>\n<td width=\"76\">3<sup>E<\/sup><\/td>\n<td width=\"170\">STRAZZULLA<\/td>\n<td width=\"246\">SERVAN Laurent ATTE<\/td>\n<\/tr>\n<tr>\n<td width=\"75\">309<\/td>\n<td width=\"76\">5<sup>E<\/sup><\/td>\n<td width=\"170\">SEYNAT<\/td>\n<td width=\"246\">VALLON P.ATTE\u00a0\u00a0\u00a0 ROZET MA.<\/td>\n<\/tr>\n<\/tbody>\n<\/table>\n<p>&nbsp;<\/p>\n<p><strong>\u00a0<\/strong><\/p>\n<p>&nbsp;<\/p>\n<p><strong>ANNEXE 4\u00a0: El\u00e8ves en ateliers <\/strong><\/p>\n<p>&nbsp;<\/p>\n<p><strong><u>Ateliers M. JUNGER<\/u><\/strong>\u00a0: Pour la journ\u00e9e du 1er septembre, j&rsquo;organise 3 ateliers (mesure de la temp\u00e9rature, mesure de la luminosit\u00e9 au luxm\u00e8tre, perception oculaire de la luminosit\u00e9 ambiante par photographie) qui se tiendront de 12H00 \u00e0 15H45 sur la coursive, devant la salle 118. 7 \u00e9l\u00e8ves seront pr\u00e9sents sur les lieux en permanence, dont 6 seront en charge des appareils :<\/p>\n<p>&nbsp;<\/p>\n<p>HOAREAU\u00a0\u00a0\u00a0\u00a0\u00a0\u00a0 Delphine\u00a0\u00a0 3 E<\/p>\n<p>LALLEMAND\u00a0\u00a0\u00a0\u00a0 Anna\u00a0\u00a0\u00a0\u00a0\u00a0\u00a0 3 E<\/p>\n<p>HOARAU\u00a0\u00a0\u00a0\u00a0\u00a0\u00a0\u00a0 Anna\u00a0\u00a0\u00a0\u00a0\u00a0\u00a0 3 G<\/p>\n<p>FONTAINE\u00a0\u00a0\u00a0\u00a0\u00a0 Annecy\u00a0\u00a0\u00a0\u00a0 3 H<\/p>\n<p>GILBERT\u00a0\u00a0\u00a0\u00a0\u00a0\u00a0 Lucas\u00a0\u00a0\u00a0\u00a0\u00a0 3 H<\/p>\n<p>HUITELEC\u00a0\u00a0\u00a0\u00a0\u00a0 Didier\u00a0\u00a0\u00a0\u00a0 3 H<\/p>\n<p>MAHALATCHIMY\u00a0 Maria\u00a0\u00a0\u00a0\u00a0\u00a0 4 A (\u00e9l\u00e8ve invit\u00e9e)<\/p>\n<p>&nbsp;<\/p>\n<p>Adultes en surveillance\u00a0: <strong>Mme Boyer Val\u00e9rie &#8211;\u00a0 Mme Clavier Anne-Marie. + AED libres<\/strong><\/p>\n<p>&nbsp;<\/p>\n<p>&nbsp;<\/p>\n<p><strong><u>Atelier Mme Chen<\/u><\/strong>\u00a0: une activit\u00e9 \u00ab\u00a0reportage\u00a0\u00bb autour de l&rsquo;\u00e9clipse avec un petit groupe d&rsquo;\u00e9l\u00e8ves.<\/p>\n<p>El\u00e8ves choisis \u00a0:<\/p>\n<p>&#8211; en 4e E: Ad\u00e8le Lepetz, Romane Friboulet, M\u00e9lanie Bache, Naheeda Simjee<\/p>\n<p>&#8211; en 4e F: Romain Chamand, Kuan Ly Yu Kui, Kim Lan Hang Si Lan<\/p>\n<p>Le jour de l&rsquo;\u00e9clipse, ils travailleront surtout comme des \u00e9l\u00e8ves ordinaires \u00e0 suivre la journ\u00e9e.<\/p>\n<p>Les 4 \u00e9l\u00e8ves de 4e E, seront en salle informatique avec les 3D et ils feront leur reportage sur la classe.<\/p>\n<p>&nbsp;<\/p>\n<p>&nbsp;<\/p>\n<p><strong>ANNEXE 5\u00a0: REGLES DE SECURITE D\u2019OBSERVATION ET DE DEPLACEMENT<\/strong><\/p>\n<p>&nbsp;<\/p>\n<p><strong><u>REGLES DE SECURITE ET\u00a0 RISQUES<\/u><\/strong>\u00a0:<\/p>\n<p><strong><u>L\u2019observation <\/u><\/strong><strong>de l\u2019\u00e9clipse sans lunettes m\u00eame de tr\u00e8s courte dur\u00e9e\u00a0 provoquera des l\u00e9sions de la corn\u00e9e ou de la r\u00e9tine et entrainera une perte de la vue d\u00e9finitive sans qu\u2019aucune douleur ne soit ressentie. <\/strong><\/p>\n<ul>\n<li><strong>Ne jamais regarder l\u2019\u00e9clipse sans les lunettes fournies<\/strong><\/li>\n<li><strong>Toujours mettre ses lunettes en tournant le dos au soleil<\/strong><\/li>\n<li><strong>V\u00e9rifier ses lunettes et \u00a0ne pas les utiliser si elles sont ray\u00e9es<\/strong><\/li>\n<li><strong>Signaler \u00a0tout camarade qui regarde l\u2019\u00e9clipse sans lunettes<\/strong><\/li>\n<li><strong>Toujours strictement se conformer aux ordres des encadrants<\/strong><\/li>\n<\/ul>\n<p><strong>\u00a0<\/strong><\/p>\n<p><strong><u>Les d\u00e9placements\u00a0: <\/u><\/strong><\/p>\n<p><strong>\u00a0<\/strong><\/p>\n<ul>\n<li><strong>Les d\u00e9placements vers le lieu d\u2019observation se font EN RANG, avec un \u00e9l\u00e8ve d\u00e9sign\u00e9 en t\u00eate, le personnel en APPUI en milieu de file, le professeur en SERRE-FILE<\/strong><\/li>\n<li><strong>Lors du d\u00e9placement vers le lieu d\u2019observation le regard est dirig\u00e9 vers le bas<\/strong><\/li>\n<li><strong>L\u2019acc\u00e8s \u00e0 la cour est strictement interdit aux \u00e9l\u00e8ves pendant l\u2019\u00e9clipse<\/strong><\/li>\n<\/ul>\n<p><strong>\u00a0<\/strong><\/p>\n<p><strong><u>Les intercours<\/u><\/strong><strong>\u00a0: <\/strong><\/p>\n<p><strong>\u00a0<\/strong><\/p>\n<ul>\n<li><strong>Les d\u00e9placements aux intercours se font par les coursives, <u>aucun \u00e9l\u00e8ve dans la cour<\/u> <\/strong><\/li>\n<li><strong>Les AED sont positionn\u00e9s dans la cour et aux \u00e9tages du b\u00e2timent sud<\/strong><\/li>\n<\/ul>\n<p><strong>\u00a0<\/strong><\/p>\n<p><strong>\u00a0<\/strong><\/p>\n<p><strong>\u00a0<\/strong><\/p>\n<p>&nbsp;<\/p>\n","protected":false},"excerpt":{"rendered":"<p>Remerciements anticip\u00e9s pour les Parents d&rsquo;\u00e9l\u00e8ves qui participent \u00e0 l&rsquo;encadrement et sont ainsi agents temporaires ; \u00e9galement \u00e0 tous les Personnels qui en service ou hors service seront pr\u00e9sent pour cet \u00e9v\u00e8nement. Le Principal &nbsp; \u00a0 ANNEXE 3\u00a0: POSITIONS ET APPUIS AUX \u00a0\u00a0ENCADRANTS PENDANT LES PERIODES D\u2019OBSERVATION DE L\u2019ECLIPSE \u00a0 &hellip;<\/p>\n","protected":false},"author":30,"featured_media":0,"comment_status":"closed","ping_status":"closed","sticky":false,"template":"","format":"standard","meta":{"footnotes":"","_links_to":"","_links_to_target":""},"categories":[2,9],"tags":[],"class_list":["post-1028","post","type-post","status-publish","format-standard","hentry","category-informations-aux-familles","category-profs"],"_links":{"self":[{"href":"https:\/\/etab.ac-reunion.fr\/clg-12eme\/wp-json\/wp\/v2\/posts\/1028","targetHints":{"allow":["GET"]}}],"collection":[{"href":"https:\/\/etab.ac-reunion.fr\/clg-12eme\/wp-json\/wp\/v2\/posts"}],"about":[{"href":"https:\/\/etab.ac-reunion.fr\/clg-12eme\/wp-json\/wp\/v2\/types\/post"}],"author":[{"embeddable":true,"href":"https:\/\/etab.ac-reunion.fr\/clg-12eme\/wp-json\/wp\/v2\/users\/30"}],"replies":[{"embeddable":true,"href":"https:\/\/etab.ac-reunion.fr\/clg-12eme\/wp-json\/wp\/v2\/comments?post=1028"}],"version-history":[{"count":1,"href":"https:\/\/etab.ac-reunion.fr\/clg-12eme\/wp-json\/wp\/v2\/posts\/1028\/revisions"}],"predecessor-version":[{"id":1029,"href":"https:\/\/etab.ac-reunion.fr\/clg-12eme\/wp-json\/wp\/v2\/posts\/1028\/revisions\/1029"}],"wp:attachment":[{"href":"https:\/\/etab.ac-reunion.fr\/clg-12eme\/wp-json\/wp\/v2\/media?parent=1028"}],"wp:term":[{"taxonomy":"category","embeddable":true,"href":"https:\/\/etab.ac-reunion.fr\/clg-12eme\/wp-json\/wp\/v2\/categories?post=1028"},{"taxonomy":"post_tag","embeddable":true,"href":"https:\/\/etab.ac-reunion.fr\/clg-12eme\/wp-json\/wp\/v2\/tags?post=1028"}],"curies":[{"name":"wp","href":"https:\/\/api.w.org\/{rel}","templated":true}]}}