{"id":1030,"date":"2016-09-07T09:30:47","date_gmt":"2016-09-07T05:30:47","guid":{"rendered":"http:\/\/college-12eme.ac-reunion.fr\/?p=1030"},"modified":"2024-12-10T13:32:14","modified_gmt":"2024-12-10T09:32:14","slug":"info-culture-cdi-septembre-2016","status":"publish","type":"post","link":"https:\/\/etab.ac-reunion.fr\/clg-12eme\/info-culture-cdi-septembre-2016\/","title":{"rendered":"Info Culture CDI Septembre 2016"},"content":{"rendered":"<div id=\"left-area\">\n<div class=\"entry post clearfix\">\n<h2><strong>Culture \u2013 Formation &#8211; Septembre 2016<\/strong><\/h2>\n<p><strong>Vous avez jusqu\u2019au 9 septembre 2016 pour vous inscrire au <a href=\"https:\/\/www.ac-reunion.fr\/personnel-carriere\/la-formation-des-personnels\/formation-continue-des-personnels-titulaires\/paf-des-enseignants-du-2nd-degre.html\">PAF.<\/a><\/strong><\/p>\n<p><strong>#<\/strong><a href=\"http:\/\/9740005m.esidoc.fr\/rubrique\/view\/id\/28\"><u>O\u00f9 sortir ce soir ?<\/u><\/a><\/p>\n<h3><em><strong>\u00a4\u00a0Mus\u00e9es \u2013 Expositions \u2013 Salons \u2013 Conf\u00e9rences<\/strong><\/em><\/h3>\n<div><b>#\u00a0Exposition Zistoires en cubes, le livre dans tous ses \u00e9tats jusqu\u2019au 23 octobre 2016 au Conservatoire \u00e0 rayonnement r\u00e9gional (Saint-Paul). <\/b><span class=\"Apple-style-span\">Le Conservatoire \u00e0 rayonnement r\u00e9gional de St Paul pr\u00e9sente l\u2019exposition Zistoires en cubes, le livre dans tous ses \u00e9tats, consacr\u00e9e \u00e0 la litt\u00e9rature jeunesse locale.<\/span><\/div>\n<div><span class=\"Apple-style-span\">Le programme et le planning des ateliers sont disponibles \u00e0 la page :\u00a0<\/span><span class=\"Apple-style-span\">Exposition Zistoires en cubes, le livre dans tous ses \u00e9tats. <\/span><span class=\"Apple-style-span\">Pour les renseignements et r\u00e9servations de visites, merci de s\u2019adresser \u00e0 Claudine Serre &lt;<\/span><span class=\"Apple-style-span\"><a href=\"mailto:yaka.claudine@orange.fr\">yaka.claudine@orange.fr<\/a>&gt;<\/span><\/div>\n<div>#\u00a0La ville de Saint-Denis pr\u00e9sente l\u2019exposition <em><strong>Zordi nout tan lontan<\/strong><\/em> du <strong>2 au 28 septembre 2016 \u00e0 l\u2019Ancien H\u00f4tel de Ville de Saint-Denis<\/strong>. Le d\u00e9tail de cet \u00e9v\u00e9nement est sur le lien exposition exposition Zordi nout tan lontan.<\/div>\n<div><small><big><b><span class=\"Apple-style-span\"># <\/span>Programme de septembre \u00e0 d\u00e9cembre 2016 de l\u2019\u00c9cole du jardin plan\u00e9taire<\/b><\/big><\/small> :<strong> <a href=\"http:\/\/Programme%20de%20septembre%20%C3%A0%20d%C3%A9cembre%202016%20de%20l%27%C3%89cole%20du%20jardin%20plan%C3%A9taire\">ici<\/a><\/strong><\/div>\n<p><strong># <\/strong><strong><a href=\"http:\/\/Festival%20international%20de%20magie,%20organis%C3%A9%20par%20Matys%20Ev%C3%A9nements.%20STELLA%20MATUTINA%20Du%2016%20au%2018%20septembre\"><u>Les infos des mus\u00e9es r\u00e9gionaux<\/u><\/a><\/strong><\/p>\n<ul>\n<li><strong>Stella Matutina<\/strong><a href=\"http:\/\/museesreunion.us11.list-manage.com\/track\/click?u=983fac474cb12665be39f3bab&amp;id=3d12584359&amp;e=8187ebf5d8\"><strong>Festival international de magie, organis\u00e9 par Matys Ev\u00e9nements<\/strong><\/a><strong>.<\/strong><strong>Du 16 au 18\u00a0septembre<\/strong><\/li>\n<\/ul>\n<h3><em><strong>\u00a4 Cin\u00e9ma<\/strong><\/em><\/h3>\n<p><strong><b>#<\/b> <a href=\"http:\/\/www.ohanacinema.fr\/\">Ohana Cin\u00e9ma<\/a><\/strong> : Ritz St Denis, Rex St Pierre<br \/>\n<em>horaires :<\/em><br \/>\nRitz St-Denis : mercredi \u00e0 15h, 18h et 21h, jeudi 18h et 21h, vendredi 18h et 21h, samedi 15h, 18h et 21h, dimanche 15h, 18h et 21h et lundi 18h et 21h<br \/>\nRex St-Pierre : jeudi 18h, lundi 18h et mardi 21h<\/p>\n<ul>\n<li>Sortie le 14 septembre : <em><strong>Parfum de printemps<\/strong><\/em> de F\u00e9rid Boughedir\u00a0 \u2013 Tunisie \/ 2016 \/ 1h39 \/ VOSTF<br \/>\nAziz, jeune dipl\u00f4m\u00e9 au ch\u00f4mage, quitte son village du Sahara pour monter \u00e0 la capitale, Tunis, en qu\u00eate d\u2019un m\u00e9tier. Il devient installateur de paraboles sur les toits. Encore honn\u00eate et candide, il circule dans tous les milieux, des plus ais\u00e9s aux plus d\u00e9munis, des modernistes \u00ab branch\u00e9s \u00bb aux partisans du r\u00e9gime despotique, ou aux opposants islamistes clandestins. Un jour, depuis les terrasses du beau village de Sidi Bou Sa\u00efd, il tombe fou amoureux d\u2019une jeune fille qui semble s\u00e9questr\u00e9e par un groupe de mafieux proches du pouvoir, et \u00e0 qui il r\u00eave d\u00e9sormais de rendre la libert\u00e9. Quand \u00e9clatent en Tunisie les pr\u00e9mices de la R\u00e9volution qui va donner naissance dans toute la r\u00e9gion aux espoirs fous d\u2019un \u00ab Printemps \u00bb des peuples lib\u00e9r\u00e9s, Aziz devient c\u00e9l\u00e8bre malgr\u00e9 lui ! Par sa maladresse et sa na\u00efvet\u00e9 il traversera mille p\u00e9rip\u00e9ties\u2026<\/li>\n<li>Sortie le 21 septembre : <em><strong>Yogananda<\/strong><\/em> de Paola di Florio, Lisa Leeman \u2013 USA \u2013 2016 \u2013 1H30<br \/>\nLe film retrace la vie de Paramahansa Yogananda qui a fait conna\u00eetre dans les ann\u00e9es 1920 des techniques du yoga et de la m\u00e9ditation en Occident. Son livre \u00ab Autobiographie d\u2019un Yogi \u00bb, best seller mondial, a \u00e9t\u00e9 une source d\u2019inspiration pour d\u2019innombrables yogis et des personnalit\u00e9s comme George Harrison, Russell Simmons ou encore Steve Jobs.<\/li>\n<li>Sortie le 28 septembre : <em><strong>Merci patron<\/strong><\/em> de Fran\u00e7ois Ruffin -France \u2013 2016 \u2013 1H24<br \/>\nPour Jocelyne et Serge Klur, rien ne va plus : leur usine fabriquait des costumes Kenzo (Groupe LVMH), \u00e0 Poix-du-Nord, pr\u00e8s de Valenciennes, mais elle a \u00e9t\u00e9 d\u00e9localis\u00e9e en Pologne. Voil\u00e0 le couple au ch\u00f4mage, cribl\u00e9 de dettes, risquant d\u00e9sormais de perdre sa maison. C\u2019est alors que Fran\u00e7ois Ruffin, fondateur du journal Fakir, frappe \u00e0 leur porte. Il est confiant : il va les sauver. Entour\u00e9 d\u2019un inspecteur des imp\u00f4ts belge, d\u2019une bonne soeur rouge, de la d\u00e9l\u00e9gu\u00e9e CGT, et d\u2019ex-vendeurs \u00e0 la Samaritaine, il ira porter le cas Klur \u00e0 l\u2019assembl\u00e9e g\u00e9n\u00e9rale de LVMH, bien d\u00e9cid\u00e9 \u00e0 toucher le coeur de son PDG, Bernard Arnault. Mais ces David frondeurs pourront-ils l\u2019emporter contre un Goliath milliardaire ? Du suspense, de l\u2019\u00e9motion, et de la franche rigolade. Nos pieds nickel\u00e9s picards r\u00e9ussiront-ils \u00e0 duper le premier groupe de luxe au monde, et l\u2019homme le plus riche de France ?<\/li>\n<\/ul>\n<p class=\"acymailing_title\"><strong><b>#<\/b><\/strong><strong><a href=\"http:\/\/www.enqueteprod.com\/index.php?option=com_content&amp;view=article&amp;id=285:d-iles-en-doc-ady-gasy-septembre-2016&amp;catid=110:projections&amp;Itemid=127&amp;acm=7722_87\" name=\"content-285\">D\u2019Iles en Doc<br \/>\n<\/a><\/strong><em><strong>Ady Gasy<\/strong><\/em> un film de Lova Nantenaina -dur\u00e9e : 84 mn\u00a0 \/ Une coproduction Laterit Production \/ Endemika Film<br \/>\n\u00ab Les Chinois fabriquent les objets, les Malgaches les r\u00e9parent. \u00bb Il y a ceux qui font des chaussures \u00e0 partir de pneus, ceux qui fabriquent des lampes \u00e0 partir de bo\u00eetes de conserves, ceux qui fabriquent du savon et des m\u00e9dicaments \u00e0 partir d\u2019os de z\u00e9bus\u2026 Rien ne se perd, tout se transforme. \u00c0 Madagascar, les gens d\u00e9fient la crise avec inventivit\u00e9 sans perdre leur identit\u00e9 et leur sens de l\u2019humour. En s\u2019appuyant sur une tradition orale toujours digne, souvent enjou\u00e9e ou cocasse, parfois d\u00e9sempar\u00e9e ou r\u00e9volt\u00e9e, mais jamais am\u00e8re.<\/p>\n<div class=\"acydescription\">\n<p>\u2013 Samedi 3 septembre 16h <strong>M\u00e9diath\u00e8que du Tampon<\/strong> : entr\u00e9e libre<br \/>\n\u2013 Dimanche 4 septembre 17h <strong>Le Palaxa \/ Cit\u00e9 des Arts \/ Saint Denis<\/strong> : 5 \u20ac<br \/>\n\u2013 Vendredi 9 septembre 18h30 <strong>Auditorium Harry Payet \/ Saint Joseph<\/strong> : entr\u00e9e libre<br \/>\n\u2013 Vendredi 16 septembre 18h30 <strong>Le Cin\u00e9 Lacaze<\/strong> organis\u00e9 par La Lanterne Magique \/ Saint Denis : 5 \u20ac<br \/>\n\u2013 Samedi 17 septembre 16h <strong>Salle Lislet Geoffroy \/ M\u00e9diath\u00e8que de Saint Pierre<\/strong> : entr\u00e9e libre<br \/>\n\u2013 Samedi 17 septembre 18h30 <strong>Le Plazza<\/strong> organis\u00e9 par La Lanterne Magique \/ St Louis : 5 \u20ac<br \/>\n\u2013 Mardi 20 septembre 18h30 <strong>Le S\u00e9choir \/ Piton St Leu<\/strong> : 5 \u20ac<br \/>\n\u2013 Jeudi 22 septembre 19h00 <strong>Lespas Leconte Delisle \/ St Paul<\/strong> : 5 \u20ac<\/p>\n<\/div>\n<h3><em><strong>\u00a4\u00a0Th\u00e9\u00e2tre<\/strong><\/em><\/h3>\n<p><strong><b>#<\/b><\/strong><em><strong>Ubu roi et moi et moi<\/strong><\/em><br \/>\n\u2013 Vendredi 16 septembre, <strong>Luc Donat<\/strong> \u2013 Tampon \u2013 \u00a020h. <em>R\u00e9servations avec\u00a0<a href=\"http:\/\/monticket.re\/\">monticket.re<\/a>\u00a0ou au 02 62 27 24 36<\/em><br \/>\n\u2013 Vendredi 2 d\u00e9cembre, <strong>Lucet Langenier<\/strong> \u2013\u00a0Saint-Pierre \u00a0\u2013 20h. <em>R\u00e9servations avec\u00a0<a href=\"http:\/\/monticket.re\/\">monticket.re<\/a><\/em><\/p>\n<p><strong><b>#<\/b> Tam Tam festival<\/strong> Festival international de marionnettes et de th\u00e9\u00e2tre visuel :<br \/>\ndu 8 au 11 octobre 2016 \u00e0 L\u00e9spas Culturel Leconte de Lisle \u2013 Saint Paul.<br \/>\nCette ann\u00e9e, ce sont 10 spectacles provenant de La R\u00e9union, de France m\u00e9tropolitaine, de Madagascar et de Belgique qui nous surprendront : du th\u00e9\u00e2tre de papier, \u00e0 la marionnette \u00e0 gaine ou port\u00e9e, en passant par le clown burlesque, le th\u00e9\u00e2tre d\u2019objet ou d\u2019argile !<br \/>\nVenez \u00e9galement <strong>partager des moments avec les artistes<\/strong>, dans la cour de L\u00e9spas (d\u00e8s le matin, jusqu\u2019\u00e0 minuit) et lors des <strong>ateliers<\/strong> (pour enfants, parents-enfants, ados et adultes) \u00e0 l\u2019\u00e9cole Eug\u00e8ne Dayot.<br \/>\n+ d\u2019info :\u00a0 <strong><a href=\"http:\/\/r.newsletter.theatredesalberts.com\/track\/click\/\">www.tamtam.re<\/a> \u2013 <\/strong><em>Le <strong>programme<\/strong> est <a href=\"http:\/\/r.newsletter.theatredesalberts.com\/track\/click\/\">t\u00e9l\u00e9chargeable ici<\/a><\/em><\/p>\n<p><b><strong># <\/strong>Pr\u00e9sentation de saison ao\u00fbt \/ d\u00e9cembre 2016 des th\u00e9\u00e2tres et des salles de spectacle<\/b><br \/>\nLe calendrier des pr\u00e9sentations de saison ao\u00fbt \/ d\u00e9cembre 2016 des th\u00e9\u00e2tres et des salles de spectacle et les liens :<br \/>\n\u2013 le jeudi 1 septembre 2016 \u00e0 19h00 au Th\u00e9\u00e2tre Les Bambous (Saint-Benoit) \u2013 <a href=\"http:\/\/www.lesbambous.com\/\">programme de la soir\u00e9e<\/a><br \/>\n\u2013 le jeudi 1 septembre 2016 \u00e0 19h00 au Th\u00e9\u00e2tre Vladimir Canter (Saint-Denis) \u2013 <a href=\"https:\/\/www.facebook.com\/events\/1672512473068264\">programme de la soir\u00e9e<\/a><br \/>\n\u2013\u00a0<a href=\"http:\/\/www.cdoi.re\/programmation\/spectacle\/ouvertures2\/\">le vendredi 2 septembre\u00a0 2016 \u00e0 19h30\u00a0 pour le grand public au Th\u00e9\u00e2tre du Grand March\u00e9 (Saint-Denis)\u00a0\u2013 Invitation en lien<br \/>\n<\/a>\u2013\u00a0le vendredi 2 septembre\u00a0 \u00e0 18h30 au Kabardock (Le Port) \u2013 programme de la soir\u00e9e en lien \u2013 le samedi 10 septembre \u00e0 20h00 au K ( Saint-Leu) \u2013 <a href=\"https:\/\/www.facebook.com\/events\/1107900719267289\/\">programme de la soir\u00e9e<\/a><\/p>\n<p>&nbsp;<\/p>\n<h2><strong>Projets p\u00e9da \u2013 <a href=\"http:\/\/9740005m.esidoc.fr\/record\/view\/id\/870725\">Concours<\/a><\/strong><\/h2>\n<p><b><span class=\"Apple-style-span\">#\u00a0 <\/span><\/b>Dans le cadre des <strong>comm\u00e9morations du Centenaire de la Premi\u00e8re Guerre Mondiale<\/strong> (2014-2018), l\u2019association r\u00e9unionnaise \u00ab\u00a0Centenaires Comm\u00e9moratifs\u00a0\u00bb propose un<strong> concours d\u2019\u00e9criture <\/strong>ouvert \u00e0 un large public de La R\u00e9union, selon 3 cat\u00e9gories d\u2019\u00e2ge\u2026 et dot\u00e9 de nombreux prix. Zot limazinasion ansanm \u00e9k sat zot la fine lir, i gainye f\u00e9 arviv un takon m\u00e9mwar l\u00e9pok lagu\u00e8r 14-18 Alon dir sat na pou dir.<br \/>\n+ d\u2019info : Centenaires Comm\u00e9moratifs 10 bis chemin des crotons 97490 Sainte-Clotilde ou par mail \u00e0 <a class=\"moz-txt-link-abbreviated\" href=\"mailto:centenairescommemoratifs2016@gmail.com\">centenairescommemoratifs2016@gmail.com<\/a> ou Catherine Panot 0692 38 16 28 et Jacques Dumora 0692 03 06 28 Blog de l\u2019association : <a class=\"moz-txt-link-freetext\" href=\"http:\/\/centenaires.blogspot.com\">http:\/\/centenaires.blogspot.com<\/a><\/p>\n<p><b><span class=\"Apple-style-span\">#\u00a0 <\/span>Pr\u00e9-inscriptions au P\u00c9AC Participer aux 4\u00e8mes Rencontres acad\u00e9miques de cin\u00e9ma-audiovisuel avant le 16 septembre 2016. <\/b>L\u2019acad\u00e9mie de La R\u00e9union a le plaisir d\u2019organiser les 4\u00e8mes Rencontres acad\u00e9miques de cin\u00e9ma-audiovisuel qui sont l\u2019occasion de partager et de montrer le travail partenarial men\u00e9 par les \u00e9quipes p\u00e9dagogiques et les artistes intervenant dans les diff\u00e9rents dispositifs cin\u00e9ma : enseignement facultatif ou de sp\u00e9cialit\u00e9, \u00a0ateliers et actions en classe\u2026 Ces rencontres int\u00e9gr\u00e9es dans le parcours d\u2019\u00e9ducation artistique et culturelle P\u00c9AC Participer aux Rencontres acad\u00e9miques de cin\u00e9ma-audiovisuel sont pr\u00e9vues en avril \/ mai 2017 selon un calendrier \u00e9tabli ult\u00e9rieurement avec la salle de cin\u00e9ma partenaire. La pr\u00e9sentation du parcours d\u2019\u00e9ducation artistique et culturelle P\u00c9AC Participer aux Rencontres acad\u00e9miques de cin\u00e9ma-audiovisuel et l\u2019acc\u00e8s au formulaire de pr\u00e9-inscription sont <a href=\"https:\/\/www.ac-reunion.fr\/pedagogie\/leducation-artistique-et-culturelle\/action-culturelle\/domaines-artistiques-et-culturels\/cinema-et-audiovisuel\/peac-participer-aux-rencontres-academiques-de-cinema-audiovisuel.html\">ici.<\/a><\/p>\n<div><strong># Pr\u00e9-inscriptions au P\u00c9AC Participer aux Rencontres acad\u00e9miques des chorales 2nd degr\u00e9 avant le 16 septembre 2016<\/strong>. L\u2019acad\u00e9mie de La R\u00e9union a le plaisir d\u2019organiser les Rencontres acad\u00e9miques des chorales 2nd degr\u00e9 qui s\u2019inscrivent dans le cadre de la valorisation du chant choral et sont l\u2019occasion d\u2019\u00e9changer, de r\u00e9fl\u00e9chir aux enjeux du spectacle vivant et de l\u2019apport de l\u2019\u00e9ducation musicale aupr\u00e8s des \u00e9l\u00e8ves de l\u2019acad\u00e9mie. Ces rencontres int\u00e9gr\u00e9es dans le parcours d\u2019\u00e9ducation artistique et culturelle P\u00c9AC Participer aux Rencontres acad\u00e9miques des chorales 2nd degr\u00e9 sont pr\u00e9vues en mai \/ juin 2017 selon un calendrier \u00e9tabli ult\u00e9rieurement avec la salle de spectacle partenaire. La pr\u00e9sentation du parcours d\u2019\u00e9ducation artistique et culturelle P\u00c9AC Participer aux Rencontres acad\u00e9miques des chorales 2nd degr\u00e9 et l\u2019acc\u00e8s au formulaire de pr\u00e9-inscription sont <a href=\"https:\/\/www.ac-reunion.fr\/pedagogie\/leducation-artistique-et-culturelle\/action-culturelle\/domaines-artistiques-et-culturels\/musique\/peac-participer-aux-rencontres-academiques-des-chorales-2nd-degre.html\">ici<\/a>.<strong><br \/>\n<\/strong><\/div>\n<p><strong>#<\/strong> La page<u> Action Culturelle<\/u> de la DAAC, pour tout savoir de la programmation culturelle dans l\u2019Acad\u00e9mie.<strong>\u00a0<\/strong><\/p>\n<h2><strong><a class=\"lien_titre\" href=\"https:\/\/www.education.gouv.fr\/pid285\/bulletin_officiel.html?pid_bo=\">Bulletin officiel n\u00b031 du 1er septembre 2016<\/a><\/strong><\/h2>\n<p><a class=\"titre\" title=\"consulter l&#039;article Tout savoir sur l&#039;ann\u00e9e scolaire 2016 - 2017\" href=\"https:\/\/www.education.gouv.fr\/cid105124\/tout-savoir-sur-l-annee-scolaire-2016-2017.html\">Tout savoir sur l\u2019ann\u00e9e scolaire 2016 \u2013 2017<\/a><br \/>\n<span class=\"chapo\"> Najat Vallaud-Belkacem, ministre de l\u2019\u00c9ducation nationale, de l\u2019Enseignement sup\u00e9rieur et de la Recherche, a pr\u00e9sent\u00e9 l\u2019ann\u00e9e scolaire 2016-2017 lors d\u2019une conf\u00e9rence de presse, le lundi 29 ao\u00fbt 2016 \u00e0 9h30 au minist\u00e8re de l\u2019\u00c9ducation nationale\u2026\u00a0<a class=\"lien_crochet\" title=\"consulter l&#039;article Tout savoir sur l&#039;ann\u00e9e scolaire 2016 - 2017\" href=\"https:\/\/www.education.gouv.fr\/cid105124\/tout-savoir-sur-l-annee-scolaire-2016-2017.html\">[+]<\/a><\/span><\/p>\n<h2><strong>\u00ab <a href=\"https:\/\/flipboard.com\/@cfilleul2014\/veille-coll%C3%A8ge-et-tice-8bj3dlvly\">Coll\u00e8ge et TICE<\/a> \u00bb + un peu d\u2019<a href=\"https:\/\/flipboard.com\/@cfilleul2014\/veille-info-doc-et-%C3%A9ducation-aux-m%C3%A9dias-1kkp3br2y\">Education aux M\u00e9dias et \u00e0 l\u2019information<\/a><\/strong><\/h2>\n<p class=\"truncated-text\" title=\"Les professeurs de musique s'emparent d'Internet\">#\u00a0D-Clics Num\u00e9riques : 70 fiches pratiques d\u2019activit\u00e9s p\u00e9dagogiques pour les jeunes avec le num\u00e9rique, et un dispositif de\u2026 |\u00a0<a href=\"https:\/\/flipboard.com\/redirect?url=http%3A%2F%2Fwww.netpublic.fr%2F2016%2F08%2Fdclics-numeriques-70-fiches-pratiques-d-activites-pedagogiques-pour-les-jeunes-avec-le-numerique%2F&amp;v=LmnkUUiQyFT0pWKk-OcRTko8JdyOgt0rpwjYVii50JEAAAFW6ZJJPw\">netpublic.fr<\/a><\/p>\n<p class=\"truncated-text\" title=\"Les professeurs de musique s'emparent d'Internet\">#\u00a0Les professeurs de musique s\u2019emparent d\u2019Internet\u00a0 | <a class=\" byline-attribution\" href=\"https:\/\/flipboard.com\/@cfilleul2014\/veille-coll%C3%A8ge-et-tice-8bj3dlvly\/les-professeurs-de-musique-s%27emparent-d%27internet\/a---uVJTmUQZWPWitblqXz4A%3Aa%3A161608638-d749642e52%2Fcursus.edu\">cursus.edu<\/a><\/p>\n<p class=\"truncated-text\" title=\"9 fiches pratiques pour d\u00e9velopper des activit\u00e9s p\u00e9dagogiques avec smartphones et tablettes\">#\u00a0\u00a0Qu\u2019est-ce qu\u2019un \u00ab cours \u00bb dans Moodle ?\u00a0| <a href=\"https:\/\/flipboard.com\/redirect?url=http%3A%2F%2Fe-pedagogie.lepagegilles.com%2F%3Fp%3D996&amp;v=l7PCs1ovtDSbQLIJS9yH_l5Im0dr3hCCdxFY4beOUJQAAAFW6ZJJHg\">Gilles Le Page<\/a><\/p>\n<p class=\"truncated-text\" title=\"9 fiches pratiques pour d\u00e9velopper des activit\u00e9s p\u00e9dagogiques avec smartphones et tablettes\">#\u00a09 fiches pratiques pour d\u00e9velopper des activit\u00e9s p\u00e9dagogiques avec smartphones et tablettes \u00a0| <a class=\" byline-attribution\" href=\"https:\/\/flipboard.com\/redirect?url=http%3A%2F%2Fwww.netpublic.fr%2F2016%2F08%2F9-fiches-pratiques-pour-developper-des-activites-pedagogiques-avec-smartphones-et-tablettes%2F&amp;v=h-FHS_O3C_g5SlfpSVYdfRf_2Oj8MOzi0OdLVNsAGWUAAAFW6Xp1wQ\" target=\"_blank\" rel=\"noopener\">netpublic.fr<\/a><\/p>\n<p class=\"truncated-text\" title=\"L\u00e9a Domenach d\u00e9monte les st\u00e9r\u00e9otypes de genre \u00e0 travers un webdoc passionnant\">#\u00a0EPI information, communication, citoyennet\u00e9 : exemples d\u2019activit\u00e9s\u00a0| <a class=\" byline-attribution\" href=\"https:\/\/flipboard.com\/redirect?url=http%3A%2F%2Feduscol.education.fr%2Fcid104736%2Fepi-information-communication-citoyennete-exemples-d-activites.html&amp;v=WT3VR0iI1QXk9514f4XW3K83LYnH5x2f_InL1SkR2DgAAAFW6Xp1hA\" target=\"_blank\" rel=\"noopener\">\u00c9duscol<\/a><\/p>\n<p class=\"truncated-text\" title=\"#AvecMonAdresseMelAcademiqueJaccedeA 13 sites avec +100000 ressources et\">#\u00a0L\u00e9a Domenach d\u00e9monte les st\u00e9r\u00e9otypes de genre \u00e0 travers un webdoc passionnant\u00a0| <a class=\" byline-attribution\" href=\"https:\/\/flipboard.com\/redirect?url=http%3A%2F%2Fcheekmagazine.fr%2Fsociete%2Fstereotypes-genre-ecole-lea-domenach%2F&amp;v=Z94md_GSB5lAWoNsK4cKJJeWLUKqXTUbmhrv27P6O8gAAAFW6Xp1hg\" target=\"_blank\" rel=\"noopener\">Cheek Magazine<\/a><\/p>\n<p class=\"truncated-text\" title=\"Enseigner avec les technologies\"># AvecMonAdresseMelAcademiqueJaccedeA 13 sites avec +100000 ressources et \u2026\u00a0| <a class=\" byline-attribution\" href=\"https:\/\/flipboard.com\/redirect?url=https%3A%2F%2Fcanope.ac-amiens.fr%2Fcddpoise%2Fblog_mediatheque%2F%3Fp%3D20612&amp;v=XtknyQDRMGV5v_anVbVDJb1SxFCAS8wu0cu43cSSRXYAAAFW6VqxTQ\" target=\"_blank\" rel=\"noopener\">canope.ac-amiens.fr<\/a><\/p>\n<p class=\"truncated-text\" title=\"Comment former \u00e0 l'esprit critique?\">#\u00a0Enseigner avec les technologies\u00a0| <a class=\" byline-attribution\" href=\"https:\/\/flipboard.com\/redirect?url=http%3A%2F%2Feduscol.education.fr%2Fnumerique%2Ftout-le-numerique%2Fveille-education-numerique%2Faout-2016%2Fenseigner-avec-les-technologies&amp;v=HHjPnNZFFbVxgO1cMCwLLUELdmLQMVd72ECkzKM4BsYAAAFW6VqxSw\" target=\"_blank\" rel=\"noopener\">eduscol.education.fr<\/a><\/p>\n<p class=\"truncated-text\" title=\"Comment utiliser les m\u00e9dias en cours de fran\u00e7ais\">#\u00a0Comment former \u00e0 l\u2019esprit critique?\u00a0| <a class=\" byline-attribution\" href=\"https:\/\/flipboard.com\/redirect?url=http%3A%2F%2Fwww.slate.fr%2Fstory%2F121625%2Fcomment-forme-t-lesprit-critique&amp;v=vYJvtu3pGp9CjXzfOg6B2M7mAzaaErR1ESKdwkuvLL0AAAFW6YcFiA\" target=\"_blank\" rel=\"noopener\">Ir\u00e8ne Pereira<\/a><\/p>\n<p class=\"truncated-text\" title=\"Faites une recherche! - Martine Mottet\">#\u00a0Comment utiliser les m\u00e9dias en cours de fran\u00e7ais \u00a0| <a class=\" byline-attribution\" href=\"https:\/\/flipboard.com\/redirect?url=http%3A%2F%2Fedupronet.com%2Fkit-pedagogique-pour-utiliser-les-medias-en-classe%2F&amp;v=1RtKtJnVQ5azetaVOCLQPgaSWtBNMEK_kQ-XrV-VOwUAAAFW6YcFiw\" target=\"_blank\" rel=\"noopener\">edupronet.com<\/a><\/p>\n<p class=\"truncated-text\" title=\"Faites une recherche! - Martine Mottet\">#\u00a0Faites une recherche!\u00a0| <a class=\" byline-attribution\" href=\"https:\/\/flipboard.com\/redirect?url=http%3A%2F%2Fwww.faireunerecherche.fse.ulaval.ca%2Fintroduction%2F&amp;v=4NOi4c40tPCVlFhMNZc1iyJCkfXg1khjF7GBY592soMAAAFW6YcFjA\" target=\"_blank\" rel=\"noopener\">faireunerecherche.fse.ulaval.ca<\/a><\/p>\n<h2><strong>Quoi de neuf au CDI ?<\/strong><\/h2>\n<div class=\"description\">\n<p><a title=\"Wikisource\" href=\"http:\/\/9740005m.esidoc.fr\/record\/view\/id\/991516\">Wikisource : <\/a>Une biblioth\u00e8que de 208 585 textes libres et gratuits.<\/p>\n<h4>\u219d \u00a0Dans les magazines<\/h4>\n<p><strong># Okapi 1029<\/strong><br \/>\nDossier : Gladiateurs : r\u00e9v\u00e9lations sur les stars de Rome<br \/>\nBiotechnique : Jusqu\u2019o\u00f9 r\u00e9parer l\u2019homme ?<\/p>\n<p><strong># Sciences et vie Junior 323<br \/>\n<\/strong><\/p>\n<p>Dossier : 12 destinations fatales. Les coins \u00e0 \u00e9viter si vous voulez finir cuit, balay\u00e9, empoisonn\u00e9&#8230;<\/p>\n<p>100% science: L&rsquo;\u00e9toile de la nuit des temps. L&rsquo;explosion d&rsquo;une supernova il y a 2 millions d&rsquo;ann\u00e9es.<\/p>\n<p><strong># Le petit L\u00e9onard 215<br \/>\n<\/strong><\/p>\n<p>Des visites: le palais des papes<\/p>\n<p>Galerie des portraits: merlin l&rsquo;enchanteur<\/p>\n<p><strong># Images Doc HS<br \/>\n<\/strong><\/p>\n<p>L&rsquo;histoire de France en BD<\/p>\n<p><strong># Je Bouquine 390<br \/>\n<\/strong><\/p>\n<p>Dossier: On part \u00e0 l&rsquo;aventure<\/p>\n<p>Portraits: 4 aventuri\u00e8res des temps modernes<\/p>\n<p>BD: L&rsquo;\u00eele aux tr\u00e9sors de r. L. Stevenson<\/p>\n<p><strong># Virgule 142<br \/>\n<\/strong><\/p>\n<p>Les singes dans la litt\u00e9rature<\/p>\n<p>&nbsp;<\/p>\n<p><strong>\u219d \u00a0Dans les livres<\/strong><\/p>\n<\/div>\n<div class=\"description\"># De Vigan Delphine. <strong><em>No et moi<\/em><\/strong>. JC LATTES , 256 p. ; couv. ill.\u00a0 Collection Le livre de poche.<br \/>\nR\u00e9sum\u00e9 : Adolescente surdou\u00e9e, Lou Bertignac r\u00eave d&rsquo;amour, observe les gens, collectionne les mots, multiplie les exp\u00e9riences domestiques et les th\u00e9ories fantaisistes. Jusqu&rsquo;au jour o\u00f9 elle rencontre No, une jeune fille \u00e0 peine plus \u00e2g\u00e9e qu&rsquo;elle. No, ses v\u00eatements sales, son visage fatigu\u00e9, No dont la solitude et l&rsquo;errance questionnent le monde. Pour la sauver, Lou se lance alors dans une exp\u00e9rience de grande envergure men\u00e9e contre le destin. Mais nul n&rsquo;est \u00e0 l&rsquo;abri..<br \/>\nCote :\u00a0 R VIG n<\/div>\n<div class=\"description\">#Abier, Gilles. <em><strong>Je sais que tu sais. Talents Hauts<\/strong><\/em>,\u00a0 95 p. Collection Ego.<\/div>\n<div class=\"description\">R\u00e9sum\u00e9 : Depuis l\u2019assassinat de son fr\u00e8re par son meilleur ami Bastien il y a trois ans, Axelle n\u2019est plus que l\u2019ombre d\u2019elle-m\u00eame tant sa haine pour Bastien l\u2019emp\u00eache de vivre. Petit \u00e0 petit, elle va ouvrir les yeux sur une v\u00e9rit\u00e9 qu\u2019elle refusait de voir en face et admettre la part d\u2019ombre de son fr\u00e8re bien-aim\u00e9.<\/div>\n<div class=\"description\">Cote :\u00a0 R ABI j<\/div>\n<div class=\"description\">#\u00a0 Cassidy, Cathy. <em><strong>Les filles au chocolat. 5 3\/4, Coeur poivr\u00e9<\/strong><\/em>. Nathan, 130 p.<br \/>\nR\u00e9sum\u00e9 : Deux histoires des gar\u00e7ons chocolat, celle de Jamie qui tombe amoureux d\u2019Ellie, d\u00e9laissant Skye malgr\u00e9 lui. Et celle de Stevie qui n\u2019a pas revu Coco depuis des mois et qui a le trac de la revoir pour le jour de l\u2019an.<br \/>\nCote : R CAS f 5 3\/4<\/div>\n<div class=\"description\"><\/div>\n<div class=\"description\"><\/div>\n<\/div>\n<\/div>\n<div id=\"sidebar\">\n<div id=\"ai1ec_agenda_widget-6\" class=\"widget widget_ai1ec_agenda_widget\">\n<h3 class=\"title\">\u00c9v\u00e9nements \u00e0 venir<\/h3>\n<div class=\"timely ai1ec-agenda-widget-view ai1ec-clearfix\">\n<p class=\"ai1ec-no-results\">Journ\u00e9es du patrimoine 17 et 18 septembre 2016.<\/p>\n<div class=\"ai1ec-subscribe-buttons-widget\"><\/div>\n<\/div>\n<\/div>\n<\/div>\n<div id=\"ai1ec_agenda_widget-6\" class=\"widget widget_ai1ec_agenda_widget\"><\/div>\n<p>&nbsp;<\/p>\n<div id=\"search-2\" class=\"widget widget_search\"><\/div>\n<div id=\"content\" class=\"clearfix\">\n<div id=\"sidebar\">\n<div id=\"search-2\" class=\"widget widget_search\"><\/div>\n<div id=\"customlogowidget-3\" class=\"widget widget_customlogowidget\">\n<p id=\"footer-logo\"><img decoding=\"async\" src=\"http:\/\/college-adrien-cadet.ac-reunion.fr\/2016\/09\/02\/infoculture-66\/\" alt=\"\" \/><\/p>\n<\/div>\n<\/div>\n<\/div>\n<div id=\"footer\"><\/div>\n","protected":false},"excerpt":{"rendered":"<p>Culture \u2013 Formation &#8211; Septembre 2016 Vous avez jusqu\u2019au 9 septembre 2016 pour vous inscrire au PAF. #O\u00f9 sortir ce soir ? \u00a4\u00a0Mus\u00e9es \u2013 Expositions \u2013 Salons \u2013 Conf\u00e9rences #\u00a0Exposition Zistoires en cubes, le livre dans tous ses \u00e9tats jusqu\u2019au 23 octobre 2016 au Conservatoire \u00e0 rayonnement r\u00e9gional (Saint-Paul). Le &hellip;<\/p>\n","protected":false},"author":2843,"featured_media":0,"comment_status":"closed","ping_status":"closed","sticky":false,"template":"","format":"standard","meta":{"footnotes":"","_links_to":"","_links_to_target":""},"categories":[2,9],"tags":[],"class_list":["post-1030","post","type-post","status-publish","format-standard","hentry","category-informations-aux-familles","category-profs"],"_links":{"self":[{"href":"https:\/\/etab.ac-reunion.fr\/clg-12eme\/wp-json\/wp\/v2\/posts\/1030","targetHints":{"allow":["GET"]}}],"collection":[{"href":"https:\/\/etab.ac-reunion.fr\/clg-12eme\/wp-json\/wp\/v2\/posts"}],"about":[{"href":"https:\/\/etab.ac-reunion.fr\/clg-12eme\/wp-json\/wp\/v2\/types\/post"}],"author":[{"embeddable":true,"href":"https:\/\/etab.ac-reunion.fr\/clg-12eme\/wp-json\/wp\/v2\/users\/2843"}],"replies":[{"embeddable":true,"href":"https:\/\/etab.ac-reunion.fr\/clg-12eme\/wp-json\/wp\/v2\/comments?post=1030"}],"version-history":[{"count":13,"href":"https:\/\/etab.ac-reunion.fr\/clg-12eme\/wp-json\/wp\/v2\/posts\/1030\/revisions"}],"predecessor-version":[{"id":3481,"href":"https:\/\/etab.ac-reunion.fr\/clg-12eme\/wp-json\/wp\/v2\/posts\/1030\/revisions\/3481"}],"wp:attachment":[{"href":"https:\/\/etab.ac-reunion.fr\/clg-12eme\/wp-json\/wp\/v2\/media?parent=1030"}],"wp:term":[{"taxonomy":"category","embeddable":true,"href":"https:\/\/etab.ac-reunion.fr\/clg-12eme\/wp-json\/wp\/v2\/categories?post=1030"},{"taxonomy":"post_tag","embeddable":true,"href":"https:\/\/etab.ac-reunion.fr\/clg-12eme\/wp-json\/wp\/v2\/tags?post=1030"}],"curies":[{"name":"wp","href":"https:\/\/api.w.org\/{rel}","templated":true}]}}