{"id":1045,"date":"2016-09-07T11:31:49","date_gmt":"2016-09-07T07:31:49","guid":{"rendered":"http:\/\/college-12eme.ac-reunion.fr\/?p=1045"},"modified":"2016-09-07T11:31:49","modified_gmt":"2016-09-07T07:31:49","slug":"association-sportive-les-activites-demarrent","status":"publish","type":"post","link":"https:\/\/etab.ac-reunion.fr\/clg-12eme\/association-sportive-les-activites-demarrent\/","title":{"rendered":"Association sportive : LES ACTIVIT\u00c9S D\u00c9MARRENT"},"content":{"rendered":"<p>Mesdames et Messieurs les Parents d&rsquo;\u00e9l\u00e8ves,<\/p>\n<p>Vous trouverez ci-dessous et en pi\u00e8ces jointes les documents d&rsquo;information sur les activit\u00e9s de l&rsquo;AS du coll\u00e8ge du 12\u00e8me.<\/p>\n<p>Cordialement.<\/p>\n<p><a href=\"https:\/\/etab.ac-reunion.fr\/clg-12eme\/wp-content\/uploads\/sites\/6\/2016\/09\/Cr\u00e9neaux-de-lAS-2016-2017.pdf\">Cr\u00e9neaux de l&rsquo;AS 2016 2017<\/a><\/p>\n<p><a href=\"https:\/\/etab.ac-reunion.fr\/clg-12eme\/wp-content\/uploads\/sites\/6\/2016\/09\/Fiche-AS-version-feuille-une-A4.pdf\">Fiche AS version feuille une A4<\/a><\/p>\n<p>&nbsp;<\/p>\n<p><strong>LES ACTIVIT\u00c9S D\u00c9MARRENT<br \/>\n<\/strong><\/p>\n<p>CETTE SEMAINE DU 05 SEPTEMBRE 2016\u2026..!!!!<\/p>\n<table>\n<tbody>\n<tr>\n<td width=\"222\">ACTIVITES<\/td>\n<td width=\"502\">HORAIRES<\/td>\n<td width=\"309\">RESPONSABLES<\/td>\n<\/tr>\n<tr>\n<td width=\"222\">BADMINTON<\/td>\n<td width=\"502\">Mercredi 12h15 \u00e0 14h30<\/td>\n<td width=\"309\">M. PRINCE<\/td>\n<\/tr>\n<tr>\n<td width=\"222\">BADMINTON<\/td>\n<td width=\"502\">Lundi et jeudi de 12h10 \u00e0 13H30<\/td>\n<td width=\"309\">M. BUHLER<\/td>\n<\/tr>\n<tr>\n<td width=\"222\">DANSE<\/td>\n<td width=\"502\">Mercredi 12h15 \u00e0 14h30<\/td>\n<td width=\"309\">Mme KOPP<\/td>\n<\/tr>\n<tr>\n<td width=\"222\">ESCALADE<\/td>\n<td width=\"502\">Mercredi 12h15 \u00e0 14h30<\/td>\n<td width=\"309\">M. ROULET<\/td>\n<\/tr>\n<tr>\n<td width=\"222\">BASKET BALL<\/td>\n<td width=\"502\">Mercredi 12h15 \u00e0 14h30<\/td>\n<td width=\"309\">Mme LESCAT<\/td>\n<\/tr>\n<\/tbody>\n<\/table>\n<p>Venez nombreux\u2026parlez-en \u00e0 vos camarades\u2026\u2026\u00a0!<\/p>\n<p>L\u2019\u00e9quipe d\u2019EPS<\/p>\n<p>&nbsp;<\/p>\n<p><strong>FICHE INDIVIDUELLE D\u2019INSCRIPTION<\/strong><\/p>\n<p><strong>A L\u2019ASSOCIATION SPORTIVE<\/strong><\/p>\n<p><strong>DU COLLEGE DU 12\u00b0 &#8211;\u00a0 LE TAMPON<\/strong><\/p>\n<p>&nbsp;<\/p>\n<p><strong><u>LES PARENTS<\/u><\/strong><\/p>\n<p>&nbsp;<\/p>\n<p>Je\u00a0 soussign\u00e9(e)\u00a0\u00a0 NOM\u2026\u2026\u2026\u2026\u2026\u2026\u2026\u2026\u2026\u2026\u2026\u2026\u00a0\u00a0\u00a0 Pr\u00e9nom\u2026\u2026\u2026\u2026\u2026\u2026\u2026\u2026\u2026\u2026<\/p>\n<p>Demeurant<\/p>\n<p>n\u00b0\u2026. rue\u2026\u2026\u2026\u2026\u2026\u2026\u2026\u2026\u2026\u2026\u2026\u2026\u2026\u2026\u2026\u2026\u2026\u2026\u2026\u2026A\u2026\u2026\u2026\u2026\u2026\u2026\u2026\u2026\u2026<\/p>\n<p>tel fixe\u00a0: 02.62. \u2026..\/\u2026..\/\u2026.\u00a0\u00a0 ou GSM\u00a0 06. &#8230;.\/\u2026..\/\u2026..\/\u2026.\u00a0\u00a0\u00a0 .ou 06. &#8230;.\/\u2026..\/\u2026..\/\u2026..<\/p>\n<p>&nbsp;<\/p>\n<p>Responsable l\u00e9gal de l\u2019enfant NOM\u2026\u2026\u2026\u2026\u2026\u2026\u2026\u2026\u2026 Pr\u00e8nom\u2026\u2026\u2026\u2026\u2026\u2026\u2026\u2026\u2026\u2026\u2026<\/p>\n<p>N\u00e9(e) le \u2026.\/\u2026\u2026..\/\u2026\u2026, \u00e9l\u00e8ve en classe de \u2026\u2026\u2026\u2026\u2026\u2026\u00a0 au Coll\u00e8ge du 12<sup>\u00e8me<\/sup> Km,<\/p>\n<p>l\u2019autorise \u00e0 faire partie de l\u2019association sportive de l\u2019\u00e9tablissement\u00a0 et \u00e0 participer aux diff\u00e9rentes comp\u00e9titions.<\/p>\n<p>J\u2019accepte que les photos prises pendant les manifestations sportives, soient affich\u00e9es au coll\u00e8ge ou mises sur le site internet du coll\u00e8ge.<\/p>\n<p>&nbsp;<\/p>\n<p>&nbsp;<\/p>\n<p>&nbsp;<\/p>\n<p>&nbsp;<\/p>\n<p>\u00e8 Rayer cet encadr\u00e9 en cas de refus<\/p>\n<p>&nbsp;<\/p>\n<p>Fait \u00e0 \u2026\u2026\u2026\u2026\u2026\u2026\u2026\u2026\u2026\u2026\u2026.. Le\u2026\u2026.\/\u2026\u2026.\/20\u2026.<\/p>\n<p>Signature du tuteur l\u00e9gal\u00a0:<\/p>\n<p>&nbsp;<\/p>\n<p>&nbsp;<\/p>\n<p><strong><u>L\u2019ELEVE<\/u><\/strong><\/p>\n<p>&nbsp;<\/p>\n<p>Je m\u2019engage \u00e0\u00a0:<\/p>\n<ul>\n<li>participer aux entra\u00eenements et aux comp\u00e9titions de \u2026\u2026\u2026\u2026\u2026\u2026\u2026\u2026\u2026\u2026\u2026..\u2026\u2026\u2026\u2026\u2026\u2026\u2026\u2026\u2026\u2026\u2026\u2026\u2026\u2026\u2026\u2026\u2026\u2026\u2026\u2026\u2026\u2026\u2026\u2026\u2026\u2026\u2026\u2026\u2026<strong><em>(si plusieurs activit\u00e9s, entourer la principale).<\/em><\/strong><\/li>\n<li>respecter les r\u00e8gles, mes camarades ou adversaires, l\u2019arbitre, les installations et les adultes pr\u00e9sents.<\/li>\n<li>Ne pas perturber les s\u00e9ances sous peine d\u2019en \u00eatre exclu.<\/li>\n<\/ul>\n<p>&nbsp;<\/p>\n<p>Fait \u00e0 \u2026\u2026\u2026\u2026\u2026\u2026\u2026\u2026\u2026\u2026\u2026.. Le\u2026\u2026.\/\u2026\u2026.\/20\u2026.<\/p>\n<p>Signature de l\u2019\u00e9l\u00e8ve\u00a0:<\/p>\n<p>&nbsp;<\/p>\n<p>&nbsp;<\/p>\n<p><strong><u>\u00a0<\/u><\/strong><\/p>\n<p><strong><u>\u00a0<\/u><\/strong><\/p>\n<p><strong><u>Documents \u00e0 ramener pour valider l\u2019inscription\u00a0:<\/u><\/strong><\/p>\n<p><strong>\u00a0<\/strong><\/p>\n<p><strong>Inscription faite par\u00a0:\u2026\u2026\u2026\u2026\u2026\u2026\u2026\u2026\u2026\u2026\u2026\u2026\u2026..<\/strong><\/p>\n<p>&nbsp;<\/p>\n<ul>\n<li>20 euros pour payer la licence (si ch\u00e8que le mettre \u00e0 l\u2019ordre de l\u2019Association Sportive du coll\u00e8ge du 12\u00b0) \u00e8 cheque \/esp\u00e8ces (rayer la mention inutile)<\/li>\n<li>Fiche d\u2019inscription renseign\u00e9e et sign\u00e9e<\/li>\n<\/ul>\n<p>&nbsp;<\/p>\n<p>&nbsp;<\/p>\n<p><strong><u>ACTIVITES, HORAIRES ET RESPONSABLES D\u2019ACTIVITES<\/u><\/strong><\/p>\n<p>&nbsp;<\/p>\n<table>\n<tbody>\n<tr>\n<td width=\"166\">ACTIVITE<\/td>\n<td width=\"166\">HORAIRES<\/td>\n<td width=\"166\">RESPONSABLES<\/td>\n<\/tr>\n<tr>\n<td width=\"166\">BADMINTON<\/td>\n<td width=\"166\">Mercredi 12h15 \u00e0 14h30<\/td>\n<td width=\"166\">M. Princ\u00e9<\/td>\n<\/tr>\n<tr>\n<td width=\"166\">BADMINTON<\/td>\n<td width=\"166\">Lundi et jeudi de 12h10 \u00e0 13H30<\/td>\n<td width=\"166\">M. Buhler<\/td>\n<\/tr>\n<tr>\n<td width=\"166\">DANSE<\/td>\n<td width=\"166\">Mercredi 12h15 \u00e0 14h30<\/td>\n<td width=\"166\">Mme Kopp<\/td>\n<\/tr>\n<tr>\n<td width=\"166\">ESCALADE<\/td>\n<td width=\"166\">Mercredi 12h15 \u00e0 14h30<\/td>\n<td width=\"166\">M. Roulet<\/td>\n<\/tr>\n<tr>\n<td width=\"166\">BASKET BALL<\/td>\n<td width=\"166\">Mercredi 12h15 \u00e0 14h30<\/td>\n<td width=\"166\">Mme Lescat<\/td>\n<\/tr>\n<\/tbody>\n<\/table>\n<p>&nbsp;<\/p>\n<p>Les comp\u00e9titions ont lieu les mercredis apr\u00e8s-midi.<\/p>\n<p>Les transports sont assur\u00e9s par des transporteurs collectifs command\u00e9s par le district sud.<\/p>\n<p>&nbsp;<\/p>\n<p><strong><u>FONCTIONNEMENT DU MERCREDI MIDI<\/u><\/strong><\/p>\n<p>&nbsp;<\/p>\n<p>A 11h30 LE PORTAIL D\u2019ENTREE AINSI QUE CELUI DE LA SALLE DE SPORT SONT FERMES.<\/p>\n<p>&nbsp;<\/p>\n<p>\u00e8 Les \u00e9l\u00e8ves qui ont pr\u00e9vu leur repas peuvent rester dans le coll\u00e8ge et ne sortent pas \u00e0 11H30. Ils d\u00e9jeunent dans la cour et gardent les lieux propres. Un enseignant est pr\u00e9sent sur les lieux.<\/p>\n<p>\u00e8 Ceux qui n\u2019ont pas de repas avec eux sortiront du coll\u00e8ge, et ne sont accueillis qu\u2019\u00e0 12h15, l\u2019acc\u00e8s se fait uniquement par le portail de la salle de sport.<\/p>\n<p>&nbsp;<\/p>\n<p><strong><u>FONCTIONNEMENT DU LUNDI ET JEUDI MIDI<\/u><\/strong><\/p>\n<p><strong><u>\u00a0<\/u><\/strong><\/p>\n<p>Les participants \u00e0 l\u2019entrainement de badminton du midi sont prioritaires pour passer \u00e0 la cantine, <strong>dans la mesure du possible<\/strong>. Cette priorit\u00e9 ne concerne que ceux qui viennent effectivement \u00e0 l\u2019entrainement et peut \u00eatre remise en cause en cas d\u2019abus.<\/p>\n<p>&nbsp;<\/p>\n<p><strong>* DECATHLON <\/strong><em>est le partenaire exclusif de l\u2019UNSS r\u00e9union, aussi vous disposez de 15% de r\u00e9duction sur vos achats pour votre enfant, sur pr\u00e9sentation de sa licence d\u00e8s lors qu\u2019elle sera enregistr\u00e9e (demander au professeur de l\u2019imprimer).<\/em><\/p>\n<p><em>\u00a0<\/em><\/p>\n<p>&nbsp;<\/p>\n","protected":false},"excerpt":{"rendered":"<p>Mesdames et Messieurs les Parents d&rsquo;\u00e9l\u00e8ves, Vous trouverez ci-dessous et en pi\u00e8ces jointes les documents d&rsquo;information sur les activit\u00e9s de l&rsquo;AS du coll\u00e8ge du 12\u00e8me. Cordialement. Cr\u00e9neaux de l&rsquo;AS 2016 2017 Fiche AS version feuille une A4 &nbsp; LES ACTIVIT\u00c9S D\u00c9MARRENT CETTE SEMAINE DU 05 SEPTEMBRE 2016\u2026..!!!! ACTIVITES HORAIRES RESPONSABLES &hellip;<\/p>\n","protected":false},"author":30,"featured_media":0,"comment_status":"closed","ping_status":"closed","sticky":false,"template":"","format":"standard","meta":{"footnotes":"","_links_to":"","_links_to_target":""},"categories":[2,9],"tags":[],"class_list":["post-1045","post","type-post","status-publish","format-standard","hentry","category-informations-aux-familles","category-profs"],"_links":{"self":[{"href":"https:\/\/etab.ac-reunion.fr\/clg-12eme\/wp-json\/wp\/v2\/posts\/1045","targetHints":{"allow":["GET"]}}],"collection":[{"href":"https:\/\/etab.ac-reunion.fr\/clg-12eme\/wp-json\/wp\/v2\/posts"}],"about":[{"href":"https:\/\/etab.ac-reunion.fr\/clg-12eme\/wp-json\/wp\/v2\/types\/post"}],"author":[{"embeddable":true,"href":"https:\/\/etab.ac-reunion.fr\/clg-12eme\/wp-json\/wp\/v2\/users\/30"}],"replies":[{"embeddable":true,"href":"https:\/\/etab.ac-reunion.fr\/clg-12eme\/wp-json\/wp\/v2\/comments?post=1045"}],"version-history":[{"count":1,"href":"https:\/\/etab.ac-reunion.fr\/clg-12eme\/wp-json\/wp\/v2\/posts\/1045\/revisions"}],"predecessor-version":[{"id":1048,"href":"https:\/\/etab.ac-reunion.fr\/clg-12eme\/wp-json\/wp\/v2\/posts\/1045\/revisions\/1048"}],"wp:attachment":[{"href":"https:\/\/etab.ac-reunion.fr\/clg-12eme\/wp-json\/wp\/v2\/media?parent=1045"}],"wp:term":[{"taxonomy":"category","embeddable":true,"href":"https:\/\/etab.ac-reunion.fr\/clg-12eme\/wp-json\/wp\/v2\/categories?post=1045"},{"taxonomy":"post_tag","embeddable":true,"href":"https:\/\/etab.ac-reunion.fr\/clg-12eme\/wp-json\/wp\/v2\/tags?post=1045"}],"curies":[{"name":"wp","href":"https:\/\/api.w.org\/{rel}","templated":true}]}}