{"id":1377,"date":"2018-04-23T18:05:35","date_gmt":"2018-04-23T14:05:35","guid":{"rendered":"http:\/\/college-12eme.ac-reunion.fr\/?p=1377"},"modified":"2018-04-23T18:05:35","modified_gmt":"2018-04-23T14:05:35","slug":"fermeture-des-etablissements-scolaires-aux-eleves-mardi-24-avril","status":"publish","type":"post","link":"https:\/\/etab.ac-reunion.fr\/clg-12eme\/fermeture-des-etablissements-scolaires-aux-eleves-mardi-24-avril\/","title":{"rendered":"Fermeture des \u00e9tablissements scolaires aux \u00e9l\u00e8ves mardi 24 avril"},"content":{"rendered":"<p><strong>Mesdames et Messieurs les Parents d&rsquo;\u00e9l\u00e8ves sont inform\u00e9s de la fermeture des \u00e9tablissements scolaires aux \u00e9l\u00e8ves mardi 24 avril 2018 comme indiqu\u00e9 dans le message du rectorat ci-dessous.<br \/>\n<\/strong><\/p>\n<p><strong>Le Principal<\/strong><\/p>\n<p>&nbsp;<\/p>\n<p><span style=\"color: #003300\"><strong><span style=\"text-decoration: underline\">Message du Rectorat<\/span><\/strong><\/span><\/p>\n<p><span style=\"color: #003300\"><strong>En raison de la temp\u00eate tropicale Fakir, le pr\u00e9fet a d\u00e9cid\u00e9 la fermeture des \u00e9coles et \u00e9tablissements scolaires, ainsi que la suspension des circuits de ramassages scolaires pour la journ\u00e9e du mardi 24 avril 2018.<\/strong><\/span><\/p>\n<p><span style=\"color: #003300\"><strong> Les \u00e9tablissements scolaires restent ouverts pour l\u2019accueil des personnels.<\/strong><\/span><\/p>\n<p><span style=\"color: #003300\"><strong> Les concours post-bac pour les classes pr\u00e9paratoires aux grandes \u00e9coles pr\u00e9vus le mardi 24 avril 2018 au lyc\u00e9e Roland Garros au Tampon et au lyc\u00e9e Leconte de Lisle \u00e0 Saint-Denis sont maintenus.<\/strong><\/span><\/p>\n<p><span style=\"color: #003300\"><strong> Le recteur demande aux chefs d\u2019\u00e9tablissement de prendre toutes les mesures pour garantir la s\u00e9curit\u00e9 des biens et des personnes. <\/strong><\/span><\/p>\n<p><span style=\"color: #003300\"><strong> Des informations compl\u00e9mentaires seront communiqu\u00e9es en fonction de l\u2019\u00e9volution de la situation.<\/strong><\/span><\/p>\n","protected":false},"excerpt":{"rendered":"<p>Mesdames et Messieurs les Parents d&rsquo;\u00e9l\u00e8ves sont inform\u00e9s de la fermeture des \u00e9tablissements scolaires aux \u00e9l\u00e8ves mardi 24 avril 2018 comme indiqu\u00e9 dans le message du rectorat ci-dessous. Le Principal &nbsp; Message du Rectorat En raison de la temp\u00eate tropicale Fakir, le pr\u00e9fet a d\u00e9cid\u00e9 la fermeture des \u00e9coles et &hellip;<\/p>\n","protected":false},"author":30,"featured_media":0,"comment_status":"closed","ping_status":"closed","sticky":false,"template":"","format":"standard","meta":{"footnotes":"","_links_to":"","_links_to_target":""},"categories":[2,9,3],"tags":[],"class_list":["post-1377","post","type-post","status-publish","format-standard","hentry","category-informations-aux-familles","category-profs","category-informations-aux-fournisseurs"],"_links":{"self":[{"href":"https:\/\/etab.ac-reunion.fr\/clg-12eme\/wp-json\/wp\/v2\/posts\/1377","targetHints":{"allow":["GET"]}}],"collection":[{"href":"https:\/\/etab.ac-reunion.fr\/clg-12eme\/wp-json\/wp\/v2\/posts"}],"about":[{"href":"https:\/\/etab.ac-reunion.fr\/clg-12eme\/wp-json\/wp\/v2\/types\/post"}],"author":[{"embeddable":true,"href":"https:\/\/etab.ac-reunion.fr\/clg-12eme\/wp-json\/wp\/v2\/users\/30"}],"replies":[{"embeddable":true,"href":"https:\/\/etab.ac-reunion.fr\/clg-12eme\/wp-json\/wp\/v2\/comments?post=1377"}],"version-history":[{"count":1,"href":"https:\/\/etab.ac-reunion.fr\/clg-12eme\/wp-json\/wp\/v2\/posts\/1377\/revisions"}],"predecessor-version":[{"id":1378,"href":"https:\/\/etab.ac-reunion.fr\/clg-12eme\/wp-json\/wp\/v2\/posts\/1377\/revisions\/1378"}],"wp:attachment":[{"href":"https:\/\/etab.ac-reunion.fr\/clg-12eme\/wp-json\/wp\/v2\/media?parent=1377"}],"wp:term":[{"taxonomy":"category","embeddable":true,"href":"https:\/\/etab.ac-reunion.fr\/clg-12eme\/wp-json\/wp\/v2\/categories?post=1377"},{"taxonomy":"post_tag","embeddable":true,"href":"https:\/\/etab.ac-reunion.fr\/clg-12eme\/wp-json\/wp\/v2\/tags?post=1377"}],"curies":[{"name":"wp","href":"https:\/\/api.w.org\/{rel}","templated":true}]}}