{"id":149,"date":"2013-06-11T10:22:52","date_gmt":"2013-06-11T06:22:52","guid":{"rendered":"http:\/\/college-12eme.ac-reunion.fr\/?p=149"},"modified":"2013-11-11T20:30:21","modified_gmt":"2013-11-11T16:30:21","slug":"marche-de-materiel-informatique-a-venir","status":"publish","type":"post","link":"https:\/\/etab.ac-reunion.fr\/clg-12eme\/marche-de-materiel-informatique-a-venir\/","title":{"rendered":"March\u00e9 de mat\u00e9riel informatique \u00e0 venir"},"content":{"rendered":"<p>Mesdames et Messieurs les fournisseurs de mat\u00e9riel informatique sont inform\u00e9s de la publication prochaine des listes de mat\u00e9riel n\u00e9cessaires au coll\u00e8ge du 12\u00e8me, selon les deux crit\u00e8res suivants : disponibilit\u00e9 en premier lieu et prix en second.<\/p>\n<p>Les devis examin\u00e9s seront ceux parvenus sous dix jours \u00e0 compter de la publication.<\/p>\n<p>Recevez nos meilleures salutations.<\/p>\n<p>Christophe Courr\u00e9jou<\/p>\n<p>Le Principal<\/p>\n","protected":false},"excerpt":{"rendered":"<p>Mesdames et Messieurs les fournisseurs de mat\u00e9riel informatique sont inform\u00e9s de la publication prochaine des listes de mat\u00e9riel n\u00e9cessaires au coll\u00e8ge du 12\u00e8me, selon les deux crit\u00e8res suivants : disponibilit\u00e9 en premier lieu et prix en second. Les devis examin\u00e9s seront ceux parvenus sous dix jours \u00e0 compter de la &hellip;<\/p>\n","protected":false},"author":28,"featured_media":260,"comment_status":"closed","ping_status":"closed","sticky":false,"template":"","format":"standard","meta":{"footnotes":"","_links_to":"","_links_to_target":""},"categories":[3],"tags":[],"class_list":["post-149","post","type-post","status-publish","format-standard","has-post-thumbnail","hentry","category-informations-aux-fournisseurs"],"_links":{"self":[{"href":"https:\/\/etab.ac-reunion.fr\/clg-12eme\/wp-json\/wp\/v2\/posts\/149","targetHints":{"allow":["GET"]}}],"collection":[{"href":"https:\/\/etab.ac-reunion.fr\/clg-12eme\/wp-json\/wp\/v2\/posts"}],"about":[{"href":"https:\/\/etab.ac-reunion.fr\/clg-12eme\/wp-json\/wp\/v2\/types\/post"}],"author":[{"embeddable":true,"href":"https:\/\/etab.ac-reunion.fr\/clg-12eme\/wp-json\/wp\/v2\/users\/28"}],"replies":[{"embeddable":true,"href":"https:\/\/etab.ac-reunion.fr\/clg-12eme\/wp-json\/wp\/v2\/comments?post=149"}],"version-history":[{"count":6,"href":"https:\/\/etab.ac-reunion.fr\/clg-12eme\/wp-json\/wp\/v2\/posts\/149\/revisions"}],"predecessor-version":[{"id":151,"href":"https:\/\/etab.ac-reunion.fr\/clg-12eme\/wp-json\/wp\/v2\/posts\/149\/revisions\/151"}],"wp:featuredmedia":[{"embeddable":true,"href":"https:\/\/etab.ac-reunion.fr\/clg-12eme\/wp-json\/wp\/v2\/media\/260"}],"wp:attachment":[{"href":"https:\/\/etab.ac-reunion.fr\/clg-12eme\/wp-json\/wp\/v2\/media?parent=149"}],"wp:term":[{"taxonomy":"category","embeddable":true,"href":"https:\/\/etab.ac-reunion.fr\/clg-12eme\/wp-json\/wp\/v2\/categories?post=149"},{"taxonomy":"post_tag","embeddable":true,"href":"https:\/\/etab.ac-reunion.fr\/clg-12eme\/wp-json\/wp\/v2\/tags?post=149"}],"curies":[{"name":"wp","href":"https:\/\/api.w.org\/{rel}","templated":true}]}}