{"id":1542,"date":"2018-11-29T15:38:19","date_gmt":"2018-11-29T11:38:19","guid":{"rendered":"http:\/\/college-12eme.ac-reunion.fr\/?p=1542"},"modified":"2019-03-07T19:39:18","modified_gmt":"2019-03-07T15:39:18","slug":"reprise-des-cours-uniquementle-matin-vendredi-30-au-college-du-12eme","status":"publish","type":"post","link":"https:\/\/etab.ac-reunion.fr\/clg-12eme\/reprise-des-cours-uniquementle-matin-vendredi-30-au-college-du-12eme\/","title":{"rendered":"Reprise des cours uniquement le matin vendredi 30 au coll\u00e8ge du 12\u00e8me"},"content":{"rendered":"<p>Mesdames et Messieurs les Parents d\u2019\u00c9l\u00e8ves sont inform\u00e9s de la poursuite de la reprise progressive des cours au coll\u00e8ge du 12\u00e8me vendredi 30 novembre 2018, de 7h25 \u00e0 11h30 dans les conditions\u00a0 suivantes, <strong>sauf ordre contraire de M. le Recteur\u00a0ou aggravation dramatique de la situation<\/strong> dans la journ\u00e9e :<u><\/u><strong><u><br \/>\n<\/u><\/strong><\/p>\n<p>&#8211; Les cours auront lieu vendredi 30 novembre 2018 de 7h30 \u00e0 11h30 selon l&#8217;emploi du temps des \u00e9l\u00e8ves.<\/p>\n<p>&#8211; Aucun repas ne pouvant \u00eatre livr\u00e9 par la cuisine centrale, il n&rsquo;y aura pas de repas servi au coll\u00e8ge<\/p>\n<p>&#8211; Le transport scolaire ne peut \u00eatre garanti pour demain au moment o\u00f9 j&rsquo;\u00e9cris cette publication. S&rsquo;il est mis en place, une demande est faite \u00e0 la Casud pour un retour des \u00e9l\u00e8ves \u00e0 11h30<\/p>\n<p>Par ailleurs, selon les circonstances et l&rsquo;approvisionnement, le nombre de personnels pr\u00e9sents ne peut \u00eatre garanti.<\/p>\n<p>&nbsp;<\/p>\n<p>Recevez nos meilleures salutation<\/p>\n<p>Tampon, le 29 novembre 2018<\/p>\n<p><strong>Christophe Courr\u00e9jou<\/strong><\/p>\n<p>Principal du Coll\u00e8ge du 12<sup>\u00e8me<\/sup> KM<\/p>\n<p>94 rue Georges Pompidou \u2013 97430 Le Tampon<\/p>\n","protected":false},"excerpt":{"rendered":"<p>Mesdames et Messieurs les Parents d\u2019\u00c9l\u00e8ves sont inform\u00e9s de la poursuite de la reprise progressive des cours au coll\u00e8ge du 12\u00e8me vendredi 30 novembre 2018, de 7h25 \u00e0 11h30 dans les conditions\u00a0 suivantes, sauf ordre contraire de M. le Recteur\u00a0ou aggravation dramatique de la situation dans la journ\u00e9e : &#8211; &hellip;<\/p>\n","protected":false},"author":30,"featured_media":0,"comment_status":"closed","ping_status":"closed","sticky":false,"template":"","format":"standard","meta":{"footnotes":"","_links_to":"","_links_to_target":""},"categories":[2,9,3],"tags":[],"class_list":["post-1542","post","type-post","status-publish","format-standard","hentry","category-informations-aux-familles","category-profs","category-informations-aux-fournisseurs"],"_links":{"self":[{"href":"https:\/\/etab.ac-reunion.fr\/clg-12eme\/wp-json\/wp\/v2\/posts\/1542","targetHints":{"allow":["GET"]}}],"collection":[{"href":"https:\/\/etab.ac-reunion.fr\/clg-12eme\/wp-json\/wp\/v2\/posts"}],"about":[{"href":"https:\/\/etab.ac-reunion.fr\/clg-12eme\/wp-json\/wp\/v2\/types\/post"}],"author":[{"embeddable":true,"href":"https:\/\/etab.ac-reunion.fr\/clg-12eme\/wp-json\/wp\/v2\/users\/30"}],"replies":[{"embeddable":true,"href":"https:\/\/etab.ac-reunion.fr\/clg-12eme\/wp-json\/wp\/v2\/comments?post=1542"}],"version-history":[{"count":3,"href":"https:\/\/etab.ac-reunion.fr\/clg-12eme\/wp-json\/wp\/v2\/posts\/1542\/revisions"}],"predecessor-version":[{"id":1545,"href":"https:\/\/etab.ac-reunion.fr\/clg-12eme\/wp-json\/wp\/v2\/posts\/1542\/revisions\/1545"}],"wp:attachment":[{"href":"https:\/\/etab.ac-reunion.fr\/clg-12eme\/wp-json\/wp\/v2\/media?parent=1542"}],"wp:term":[{"taxonomy":"category","embeddable":true,"href":"https:\/\/etab.ac-reunion.fr\/clg-12eme\/wp-json\/wp\/v2\/categories?post=1542"},{"taxonomy":"post_tag","embeddable":true,"href":"https:\/\/etab.ac-reunion.fr\/clg-12eme\/wp-json\/wp\/v2\/tags?post=1542"}],"curies":[{"name":"wp","href":"https:\/\/api.w.org\/{rel}","templated":true}]}}