{"id":1546,"date":"2018-11-29T18:04:04","date_gmt":"2018-11-29T14:04:04","guid":{"rendered":"http:\/\/college-12eme.ac-reunion.fr\/?p=1546"},"modified":"2019-03-07T19:39:18","modified_gmt":"2019-03-07T15:39:18","slug":"communique-du-rectorat-ouverture-des-ecoles-et-etablissements-scolaires-le-vendredi-30-novembre-2018","status":"publish","type":"post","link":"https:\/\/etab.ac-reunion.fr\/clg-12eme\/communique-du-rectorat-ouverture-des-ecoles-et-etablissements-scolaires-le-vendredi-30-novembre-2018\/","title":{"rendered":"Communiqu\u00e9 du rectorat Ouverture des \u00e9coles et \u00e9tablissements scolaires le vendredi 30 novembre 2018"},"content":{"rendered":"<p><strong>Communiqu\u00e9 du rectorat<\/strong><br \/>\n<strong>Ouverture des \u00e9coles et \u00e9tablissements scolaires<\/strong><br \/>\n<strong>le vendredi 30 novembre 2018<\/strong><\/p>\n<p>La reprise des classes a \u00e9t\u00e9 effective aujourd\u2019hui dans 117 coll\u00e8ges et lyc\u00e9es sur les 132 que compte l\u2019acad\u00e9mie. Seuls 15 \u00e9tablissements n\u2019ont pu ouvrir pour accueillir les \u00e9l\u00e8ves. Les \u00e9coles de Saint-Denis ont accueilli 65 % des \u00e9l\u00e8ves et 80 % des enseignants. Celles de Sainte-Rose ont accueilli 40 % des \u00e9l\u00e8ves et 80 % des enseignants.<br \/>\nLe rectorat informe les familles et les personnels des modalit\u00e9s retenues pour le vendredi 30 novembre 2018 :<br \/>\n<strong>Premier degr\u00e9<\/strong><br \/>\nEn accord avec les maires, les \u00e9coles publiques et priv\u00e9es sous contrat des communes des Avirons, de Cilaos, de l\u2019Entre-Deux, de l\u2019\u00c9tang-Sal\u00e9, de Petite-\u00cele, du Port, de la Possession, de Saint-Denis, de Saint-Louis, Saint-Pierre, Sainte-Rose seront ouvertes.<br \/>\n<strong>Second degr\u00e9<\/strong><br \/>\nLes coll\u00e8ges et lyc\u00e9es publics et priv\u00e9s sous contrat de l\u2019acad\u00e9mie accueilleront les personnels et les \u00e9l\u00e8ves. Les familles seront inform\u00e9es directement par chaque \u00e9tablissement des modalit\u00e9s d\u2019ouverture et des dispositions prises pour la restauration scolaire.<br \/>\nLes d\u00e9placements vers les \u00e9coles et les \u00e9tablissements devront tenir compte des difficult\u00e9s de circulation et des consignes de s\u00e9curit\u00e9 du Pr\u00e9fet.<br \/>\nDes informations compl\u00e9mentaires seront communiqu\u00e9es en fonction de l\u2019\u00e9volution de la situation.<br \/>\n_____________________________________________________________________________________________________________<br \/>\nContact Presse<br \/>\nService Communication du rectorat<\/p>\n","protected":false},"excerpt":{"rendered":"<p>Communiqu\u00e9 du rectorat Ouverture des \u00e9coles et \u00e9tablissements scolaires le vendredi 30 novembre 2018 La reprise des classes a \u00e9t\u00e9 effective aujourd\u2019hui dans 117 coll\u00e8ges et lyc\u00e9es sur les 132 que compte l\u2019acad\u00e9mie. Seuls 15 \u00e9tablissements n\u2019ont pu ouvrir pour accueillir les \u00e9l\u00e8ves. Les \u00e9coles de Saint-Denis ont accueilli 65 &hellip;<\/p>\n","protected":false},"author":30,"featured_media":0,"comment_status":"closed","ping_status":"closed","sticky":false,"template":"","format":"standard","meta":{"footnotes":"","_links_to":"","_links_to_target":""},"categories":[2,9],"tags":[],"class_list":["post-1546","post","type-post","status-publish","format-standard","hentry","category-informations-aux-familles","category-profs"],"_links":{"self":[{"href":"https:\/\/etab.ac-reunion.fr\/clg-12eme\/wp-json\/wp\/v2\/posts\/1546","targetHints":{"allow":["GET"]}}],"collection":[{"href":"https:\/\/etab.ac-reunion.fr\/clg-12eme\/wp-json\/wp\/v2\/posts"}],"about":[{"href":"https:\/\/etab.ac-reunion.fr\/clg-12eme\/wp-json\/wp\/v2\/types\/post"}],"author":[{"embeddable":true,"href":"https:\/\/etab.ac-reunion.fr\/clg-12eme\/wp-json\/wp\/v2\/users\/30"}],"replies":[{"embeddable":true,"href":"https:\/\/etab.ac-reunion.fr\/clg-12eme\/wp-json\/wp\/v2\/comments?post=1546"}],"version-history":[{"count":1,"href":"https:\/\/etab.ac-reunion.fr\/clg-12eme\/wp-json\/wp\/v2\/posts\/1546\/revisions"}],"predecessor-version":[{"id":1547,"href":"https:\/\/etab.ac-reunion.fr\/clg-12eme\/wp-json\/wp\/v2\/posts\/1546\/revisions\/1547"}],"wp:attachment":[{"href":"https:\/\/etab.ac-reunion.fr\/clg-12eme\/wp-json\/wp\/v2\/media?parent=1546"}],"wp:term":[{"taxonomy":"category","embeddable":true,"href":"https:\/\/etab.ac-reunion.fr\/clg-12eme\/wp-json\/wp\/v2\/categories?post=1546"},{"taxonomy":"post_tag","embeddable":true,"href":"https:\/\/etab.ac-reunion.fr\/clg-12eme\/wp-json\/wp\/v2\/tags?post=1546"}],"curies":[{"name":"wp","href":"https:\/\/api.w.org\/{rel}","templated":true}]}}