{"id":157,"date":"2013-06-12T09:54:09","date_gmt":"2013-06-12T05:54:09","guid":{"rendered":"http:\/\/college-12eme.ac-reunion.fr\/?p=157"},"modified":"2013-11-11T20:30:38","modified_gmt":"2013-11-11T16:30:38","slug":"information-aux-parents-de-la-section-ulis","status":"publish","type":"post","link":"https:\/\/etab.ac-reunion.fr\/clg-12eme\/information-aux-parents-de-la-section-ulis\/","title":{"rendered":"Information aux parents de la section  Ulis"},"content":{"rendered":"<p>Mesdames et Messieurs les Parents d&rsquo;\u00e9l\u00e8ves des enfants affect\u00e9s en Ulis peuvent faire parvenir \u00e0 l&rsquo;adresse courriel suivante les attestations de scolarisation n\u00e9cessaires au transport scolaire \u00e0 l&rsquo;adresse\u00a0 suivante :<\/p>\n<p>clg12eme@live.fr<\/p>\n<p>R\u00e9ponse leur sera envoy\u00e9e par courriel.<\/p>\n<p>Bien cordialement.<\/p>\n<p>Christophe Courr\u00e9jou<\/p>\n<p>Principal<\/p>\n<p>&nbsp;<\/p>\n","protected":false},"excerpt":{"rendered":"<p>Mesdames et Messieurs les Parents d&rsquo;\u00e9l\u00e8ves des enfants affect\u00e9s en Ulis peuvent faire parvenir \u00e0 l&rsquo;adresse courriel suivante les attestations de scolarisation n\u00e9cessaires au transport scolaire \u00e0 l&rsquo;adresse\u00a0 suivante : clg12eme@live.fr R\u00e9ponse leur sera envoy\u00e9e par courriel. Bien cordialement. Christophe Courr\u00e9jou Principal &nbsp;<\/p>\n","protected":false},"author":28,"featured_media":93,"comment_status":"closed","ping_status":"closed","sticky":false,"template":"","format":"standard","meta":{"footnotes":"","_links_to":"","_links_to_target":""},"categories":[2],"tags":[],"class_list":["post-157","post","type-post","status-publish","format-standard","has-post-thumbnail","hentry","category-informations-aux-familles"],"_links":{"self":[{"href":"https:\/\/etab.ac-reunion.fr\/clg-12eme\/wp-json\/wp\/v2\/posts\/157","targetHints":{"allow":["GET"]}}],"collection":[{"href":"https:\/\/etab.ac-reunion.fr\/clg-12eme\/wp-json\/wp\/v2\/posts"}],"about":[{"href":"https:\/\/etab.ac-reunion.fr\/clg-12eme\/wp-json\/wp\/v2\/types\/post"}],"author":[{"embeddable":true,"href":"https:\/\/etab.ac-reunion.fr\/clg-12eme\/wp-json\/wp\/v2\/users\/28"}],"replies":[{"embeddable":true,"href":"https:\/\/etab.ac-reunion.fr\/clg-12eme\/wp-json\/wp\/v2\/comments?post=157"}],"version-history":[{"count":7,"href":"https:\/\/etab.ac-reunion.fr\/clg-12eme\/wp-json\/wp\/v2\/posts\/157\/revisions"}],"predecessor-version":[{"id":213,"href":"https:\/\/etab.ac-reunion.fr\/clg-12eme\/wp-json\/wp\/v2\/posts\/157\/revisions\/213"}],"wp:featuredmedia":[{"embeddable":true,"href":"https:\/\/etab.ac-reunion.fr\/clg-12eme\/wp-json\/wp\/v2\/media\/93"}],"wp:attachment":[{"href":"https:\/\/etab.ac-reunion.fr\/clg-12eme\/wp-json\/wp\/v2\/media?parent=157"}],"wp:term":[{"taxonomy":"category","embeddable":true,"href":"https:\/\/etab.ac-reunion.fr\/clg-12eme\/wp-json\/wp\/v2\/categories?post=157"},{"taxonomy":"post_tag","embeddable":true,"href":"https:\/\/etab.ac-reunion.fr\/clg-12eme\/wp-json\/wp\/v2\/tags?post=157"}],"curies":[{"name":"wp","href":"https:\/\/api.w.org\/{rel}","templated":true}]}}