{"id":1946,"date":"2019-04-30T09:58:03","date_gmt":"2019-04-30T05:58:03","guid":{"rendered":"http:\/\/college-12eme.ac-reunion.fr\/?p=1946"},"modified":"2019-04-30T09:58:03","modified_gmt":"2019-04-30T05:58:03","slug":"journee-de-leurope-et-du-developpement-durable-du-mardi-7-mai-2019","status":"publish","type":"post","link":"https:\/\/etab.ac-reunion.fr\/clg-12eme\/journee-de-leurope-et-du-developpement-durable-du-mardi-7-mai-2019\/","title":{"rendered":"Journ\u00e9e de l&rsquo;Europe et du D\u00e9veloppement durable du mardi 7 mai 2019"},"content":{"rendered":"<p align=\"center\"><span style=\"color: #3333ff\"><u>Pr\u00e9sentation du projet\u00a0:<\/u><\/span><\/p>\n<p>Dans le cadre du programme <span style=\"color: #3333ff\"><i>Erasmus +<\/i><\/span> la <span style=\"color: #3333ff\">Journ\u00e9e de l&rsquo;Europe et du D\u00e9veloppement durable<\/span> sera c\u00e9l\u00e9br\u00e9e le mardi 7 mai 2019 afin d&rsquo;encourager l&rsquo;ouverture culturelle sur l&rsquo;Europe et favoriser une meilleure connaissance des enjeux de la citoyennet\u00e9 europ\u00e9enne aupr\u00e8s de nos \u00e9l\u00e8ves et les sensibiliser aux enjeux du D\u00e9veloppement durable.<\/p>\n<p>Cette ann\u00e9e d&rsquo;\u00e9lection europ\u00e9enne semble tout particuli\u00e8rement l&rsquo;occasion d&rsquo;organiser cette Journ\u00e9e de <span style=\"color: #3333ff\">sensibilisation et d&rsquo;activit\u00e9s ludiques<\/span> autour de la question de l&rsquo;Europe.<\/p>\n<p align=\"center\"><span style=\"color: #3333ff\"><u>Descriptif du projet\u00a0:<\/u><\/span><\/p>\n<p>L<span style=\"color: #3333ff\">a journ\u00e9e du 07 Mai 2019 au coll\u00e8ge du 12\u00e8 km sera consacr\u00e9e en grande partie, <\/span>pour tous les \u00e9l\u00e8ves, en cette veille des vacances scolaires, \u00e0 trois parcours :<\/p>\n<p>&#8211; Parcours \u00ab\u00a0Citoyennet\u00e9 europ\u00e9enne\u00a0\u00bb<\/p>\n<p>&#8211; Parcours \u00ab\u00a0Sport et Europe\u00a0\u00bb<\/p>\n<p>&#8211;\u00a0 Parcours \u00ab\u00a0D\u00e9veloppement durable et citoyennet\u00e9\u00a0\u00bb<\/p>\n<p>Un emploi du temps de la journ\u00e9e pour chaque classe est disponible sur Pronote.<\/p>\n<p>&nbsp;<\/p>\n<p>&nbsp;<\/p>\n<p>&nbsp;<\/p>\n<p><a href=\"https:\/\/etab.ac-reunion.fr\/clg-12eme\/wp-content\/uploads\/sites\/6\/2019\/04\/Affiche-pr\u00e9sentation-journ\u00e9e-europe-et-DD.odt\">Affiche pr\u00e9sentation journ\u00e9e europe et DD<\/a><\/p>\n","protected":false},"excerpt":{"rendered":"<p>Pr\u00e9sentation du projet\u00a0: Dans le cadre du programme Erasmus + la Journ\u00e9e de l&rsquo;Europe et du D\u00e9veloppement durable sera c\u00e9l\u00e9br\u00e9e le mardi 7 mai 2019 afin d&rsquo;encourager l&rsquo;ouverture culturelle sur l&rsquo;Europe et favoriser une meilleure connaissance des enjeux de la citoyennet\u00e9 europ\u00e9enne aupr\u00e8s de nos \u00e9l\u00e8ves et les sensibiliser aux &hellip;<\/p>\n","protected":false},"author":30,"featured_media":0,"comment_status":"closed","ping_status":"closed","sticky":false,"template":"","format":"standard","meta":{"footnotes":"","_links_to":"","_links_to_target":""},"categories":[2,9,12],"tags":[],"class_list":["post-1946","post","type-post","status-publish","format-standard","hentry","category-informations-aux-familles","category-profs","category-cdi"],"_links":{"self":[{"href":"https:\/\/etab.ac-reunion.fr\/clg-12eme\/wp-json\/wp\/v2\/posts\/1946","targetHints":{"allow":["GET"]}}],"collection":[{"href":"https:\/\/etab.ac-reunion.fr\/clg-12eme\/wp-json\/wp\/v2\/posts"}],"about":[{"href":"https:\/\/etab.ac-reunion.fr\/clg-12eme\/wp-json\/wp\/v2\/types\/post"}],"author":[{"embeddable":true,"href":"https:\/\/etab.ac-reunion.fr\/clg-12eme\/wp-json\/wp\/v2\/users\/30"}],"replies":[{"embeddable":true,"href":"https:\/\/etab.ac-reunion.fr\/clg-12eme\/wp-json\/wp\/v2\/comments?post=1946"}],"version-history":[{"count":1,"href":"https:\/\/etab.ac-reunion.fr\/clg-12eme\/wp-json\/wp\/v2\/posts\/1946\/revisions"}],"predecessor-version":[{"id":1948,"href":"https:\/\/etab.ac-reunion.fr\/clg-12eme\/wp-json\/wp\/v2\/posts\/1946\/revisions\/1948"}],"wp:attachment":[{"href":"https:\/\/etab.ac-reunion.fr\/clg-12eme\/wp-json\/wp\/v2\/media?parent=1946"}],"wp:term":[{"taxonomy":"category","embeddable":true,"href":"https:\/\/etab.ac-reunion.fr\/clg-12eme\/wp-json\/wp\/v2\/categories?post=1946"},{"taxonomy":"post_tag","embeddable":true,"href":"https:\/\/etab.ac-reunion.fr\/clg-12eme\/wp-json\/wp\/v2\/tags?post=1946"}],"curies":[{"name":"wp","href":"https:\/\/api.w.org\/{rel}","templated":true}]}}