{"id":2742,"date":"2024-03-29T12:27:04","date_gmt":"2024-03-29T08:27:04","guid":{"rendered":"https:\/\/etab.ac-reunion.fr\/clg-12eme\/?p=2742"},"modified":"2024-03-29T12:27:04","modified_gmt":"2024-03-29T08:27:04","slug":"intervention-sur-le-theme-militaria-sur-la-2nde-guerre-mondiale","status":"publish","type":"post","link":"https:\/\/etab.ac-reunion.fr\/clg-12eme\/intervention-sur-le-theme-militaria-sur-la-2nde-guerre-mondiale\/","title":{"rendered":"Intervention sur le th\u00e8me : Militaria sur la 2nde guerre mondiale"},"content":{"rendered":"<h1><span style=\"text-decoration: underline\"><span style=\"color: #800000;text-decoration: underline\"><span class=\"fontstyle0\">INTERVENTIONS M. LE PIMPEC \u2013 \u00ab Militaria sur la 2<\/span><span class=\"fontstyle0\">nde <\/span><span class=\"fontstyle0\">guerre mondiale \u00bb <\/span><span class=\"fontstyle0\">Niveau 3<\/span><span class=\"fontstyle0\">\u00e8me<\/span><\/span><\/span><\/h1>\n<p>&nbsp;<\/p>\n<p><span class=\"fontstyle0\">Dans le cadre de la pr\u00e9paration de la th\u00e9matique \u00ab Militaria sur la 2<\/span><span class=\"fontstyle0\">nde <\/span><span class=\"fontstyle0\">guerre mondiale \u00bb pour l\u2019oral du DNB, un intervenant ext\u00e9rieur, M. Le Pimpec a \u00e9t\u00e9 sollicit\u00e9 par M. Diaz, professeur d\u2019histoire, pour intervenir aupr\u00e8s de nos \u00e9l\u00e8ves de 3\u00e8me. Ces interventions se feront au coll\u00e8ge du 12\u00e8me km le\u00a0lundi 29 avril 2024 prochain en salle de r\u00e9union.<\/span><\/p>\n<p><img loading=\"lazy\" decoding=\"async\" class=\"size-full wp-image-2745 alignleft\" src=\"https:\/\/etab.ac-reunion.fr\/clg-12eme\/wp-content\/uploads\/sites\/6\/2024\/03\/retro-soldiers-7989583_640.jpg\" alt=\"\" width=\"407\" height=\"640\" srcset=\"https:\/\/etab.ac-reunion.fr\/clg-12eme\/wp-content\/uploads\/sites\/6\/2024\/03\/retro-soldiers-7989583_640.jpg 407w, https:\/\/etab.ac-reunion.fr\/clg-12eme\/wp-content\/uploads\/sites\/6\/2024\/03\/retro-soldiers-7989583_640-191x300.jpg 191w, https:\/\/etab.ac-reunion.fr\/clg-12eme\/wp-content\/uploads\/sites\/6\/2024\/03\/retro-soldiers-7989583_640-204x320.jpg 204w\" sizes=\"auto, (max-width: 407px) 100vw, 407px\" \/><span class=\"fontstyle0\"><img loading=\"lazy\" decoding=\"async\" class=\"size-full wp-image-2743 alignleft\" src=\"https:\/\/etab.ac-reunion.fr\/clg-12eme\/wp-content\/uploads\/sites\/6\/2024\/03\/ai-generated-8549268_640.jpg\" alt=\"\" width=\"640\" height=\"360\" srcset=\"https:\/\/etab.ac-reunion.fr\/clg-12eme\/wp-content\/uploads\/sites\/6\/2024\/03\/ai-generated-8549268_640.jpg 640w, https:\/\/etab.ac-reunion.fr\/clg-12eme\/wp-content\/uploads\/sites\/6\/2024\/03\/ai-generated-8549268_640-300x169.jpg 300w, https:\/\/etab.ac-reunion.fr\/clg-12eme\/wp-content\/uploads\/sites\/6\/2024\/03\/ai-generated-8549268_640-500x281.jpg 500w\" sizes=\"auto, (max-width: 640px) 100vw, 640px\" \/> <img loading=\"lazy\" decoding=\"async\" class=\"size-full wp-image-2744 alignleft\" src=\"https:\/\/etab.ac-reunion.fr\/clg-12eme\/wp-content\/uploads\/sites\/6\/2024\/03\/wallpaper-7802786_640.jpg\" alt=\"\" width=\"640\" height=\"427\" srcset=\"https:\/\/etab.ac-reunion.fr\/clg-12eme\/wp-content\/uploads\/sites\/6\/2024\/03\/wallpaper-7802786_640.jpg 640w, https:\/\/etab.ac-reunion.fr\/clg-12eme\/wp-content\/uploads\/sites\/6\/2024\/03\/wallpaper-7802786_640-300x200.jpg 300w, https:\/\/etab.ac-reunion.fr\/clg-12eme\/wp-content\/uploads\/sites\/6\/2024\/03\/wallpaper-7802786_640-480x320.jpg 480w\" sizes=\"auto, (max-width: 640px) 100vw, 640px\" \/> <\/span><\/p>\n<p>&nbsp;<\/p>\n<p>&nbsp;<\/p>\n","protected":false},"excerpt":{"rendered":"<p>INTERVENTIONS M. LE PIMPEC \u2013 \u00ab Militaria sur la 2nde guerre mondiale \u00bb Niveau 3\u00e8me &nbsp; Dans le cadre de la pr\u00e9paration de la th\u00e9matique \u00ab Militaria sur la 2nde guerre mondiale \u00bb pour l\u2019oral du DNB, un intervenant ext\u00e9rieur, M. Le Pimpec a \u00e9t\u00e9 sollicit\u00e9 par M. Diaz, professeur &hellip;<\/p>\n","protected":false},"author":33019,"featured_media":2748,"comment_status":"closed","ping_status":"closed","sticky":false,"template":"","format":"standard","meta":{"footnotes":"","_links_to":"","_links_to_target":""},"categories":[2,9],"tags":[],"class_list":["post-2742","post","type-post","status-publish","format-standard","has-post-thumbnail","hentry","category-informations-aux-familles","category-profs"],"_links":{"self":[{"href":"https:\/\/etab.ac-reunion.fr\/clg-12eme\/wp-json\/wp\/v2\/posts\/2742","targetHints":{"allow":["GET"]}}],"collection":[{"href":"https:\/\/etab.ac-reunion.fr\/clg-12eme\/wp-json\/wp\/v2\/posts"}],"about":[{"href":"https:\/\/etab.ac-reunion.fr\/clg-12eme\/wp-json\/wp\/v2\/types\/post"}],"author":[{"embeddable":true,"href":"https:\/\/etab.ac-reunion.fr\/clg-12eme\/wp-json\/wp\/v2\/users\/33019"}],"replies":[{"embeddable":true,"href":"https:\/\/etab.ac-reunion.fr\/clg-12eme\/wp-json\/wp\/v2\/comments?post=2742"}],"version-history":[{"count":2,"href":"https:\/\/etab.ac-reunion.fr\/clg-12eme\/wp-json\/wp\/v2\/posts\/2742\/revisions"}],"predecessor-version":[{"id":2747,"href":"https:\/\/etab.ac-reunion.fr\/clg-12eme\/wp-json\/wp\/v2\/posts\/2742\/revisions\/2747"}],"wp:featuredmedia":[{"embeddable":true,"href":"https:\/\/etab.ac-reunion.fr\/clg-12eme\/wp-json\/wp\/v2\/media\/2748"}],"wp:attachment":[{"href":"https:\/\/etab.ac-reunion.fr\/clg-12eme\/wp-json\/wp\/v2\/media?parent=2742"}],"wp:term":[{"taxonomy":"category","embeddable":true,"href":"https:\/\/etab.ac-reunion.fr\/clg-12eme\/wp-json\/wp\/v2\/categories?post=2742"},{"taxonomy":"post_tag","embeddable":true,"href":"https:\/\/etab.ac-reunion.fr\/clg-12eme\/wp-json\/wp\/v2\/tags?post=2742"}],"curies":[{"name":"wp","href":"https:\/\/api.w.org\/{rel}","templated":true}]}}