{"id":2837,"date":"2024-04-04T07:42:53","date_gmt":"2024-04-04T03:42:53","guid":{"rendered":"https:\/\/etab.ac-reunion.fr\/clg-12eme\/?p=2837"},"modified":"2024-04-05T14:48:55","modified_gmt":"2024-04-05T10:48:55","slug":"invitation-au-forum-des-metiers-du-college-du-12eme-km","status":"publish","type":"post","link":"https:\/\/etab.ac-reunion.fr\/clg-12eme\/invitation-au-forum-des-metiers-du-college-du-12eme-km\/","title":{"rendered":"Invitation au Forum des M\u00e9tiers du coll\u00e8ge du 12\u00e8me KM"},"content":{"rendered":"<a href=\"https:\/\/etab.ac-reunion.fr\/clg-12eme\/wp-content\/uploads\/sites\/6\/2024\/04\/Invitation-des-professionnels-forum-metiers.pdf\" class=\"pdfemb-viewer\" style=\"\" data-width=\"max\" data-height=\"max\" data-toolbar=\"bottom\" data-toolbar-fixed=\"off\">Invitation des professionnels forum m\u00e9tiers<\/a>\n","protected":false},"excerpt":{"rendered":"","protected":false},"author":33019,"featured_media":2841,"comment_status":"closed","ping_status":"closed","sticky":false,"template":"","format":"standard","meta":{"footnotes":"","_links_to":"","_links_to_target":""},"categories":[2,9,25],"tags":[],"class_list":["post-2837","post","type-post","status-publish","format-standard","has-post-thumbnail","hentry","category-informations-aux-familles","category-profs","category-parcours-avenir"],"_links":{"self":[{"href":"https:\/\/etab.ac-reunion.fr\/clg-12eme\/wp-json\/wp\/v2\/posts\/2837","targetHints":{"allow":["GET"]}}],"collection":[{"href":"https:\/\/etab.ac-reunion.fr\/clg-12eme\/wp-json\/wp\/v2\/posts"}],"about":[{"href":"https:\/\/etab.ac-reunion.fr\/clg-12eme\/wp-json\/wp\/v2\/types\/post"}],"author":[{"embeddable":true,"href":"https:\/\/etab.ac-reunion.fr\/clg-12eme\/wp-json\/wp\/v2\/users\/33019"}],"replies":[{"embeddable":true,"href":"https:\/\/etab.ac-reunion.fr\/clg-12eme\/wp-json\/wp\/v2\/comments?post=2837"}],"version-history":[{"count":2,"href":"https:\/\/etab.ac-reunion.fr\/clg-12eme\/wp-json\/wp\/v2\/posts\/2837\/revisions"}],"predecessor-version":[{"id":2842,"href":"https:\/\/etab.ac-reunion.fr\/clg-12eme\/wp-json\/wp\/v2\/posts\/2837\/revisions\/2842"}],"wp:featuredmedia":[{"embeddable":true,"href":"https:\/\/etab.ac-reunion.fr\/clg-12eme\/wp-json\/wp\/v2\/media\/2841"}],"wp:attachment":[{"href":"https:\/\/etab.ac-reunion.fr\/clg-12eme\/wp-json\/wp\/v2\/media?parent=2837"}],"wp:term":[{"taxonomy":"category","embeddable":true,"href":"https:\/\/etab.ac-reunion.fr\/clg-12eme\/wp-json\/wp\/v2\/categories?post=2837"},{"taxonomy":"post_tag","embeddable":true,"href":"https:\/\/etab.ac-reunion.fr\/clg-12eme\/wp-json\/wp\/v2\/tags?post=2837"}],"curies":[{"name":"wp","href":"https:\/\/api.w.org\/{rel}","templated":true}]}}