{"id":2844,"date":"2024-04-04T11:23:54","date_gmt":"2024-04-04T07:23:54","guid":{"rendered":"https:\/\/etab.ac-reunion.fr\/clg-12eme\/?p=2844"},"modified":"2024-04-08T16:33:23","modified_gmt":"2024-04-08T12:33:23","slug":"hommage-a-akira-toriyama","status":"publish","type":"post","link":"https:\/\/etab.ac-reunion.fr\/clg-12eme\/hommage-a-akira-toriyama\/","title":{"rendered":"Hommage \u00e0 Akira Toriyama"},"content":{"rendered":"<h1><span style=\"text-decoration: underline\"><span style=\"color: #ff9900;text-decoration: underline\">\u00ab\u00a0Le cr\u00e9ateur de Dragon Ball , Akira Toriyama, est d\u00e9c\u00e9d\u00e9 dernierement.<\/span><\/span><\/h1>\n<p><a href=\"https:\/\/etab.ac-reunion.fr\/clg-12eme\/wp-content\/uploads\/sites\/6\/2024\/04\/B9736002692Z.1_20240308081054_000GP3OD4DV0.1-0.jpg\"><img loading=\"lazy\" decoding=\"async\" class=\"size-full wp-image-2846 alignright\" src=\"https:\/\/etab.ac-reunion.fr\/clg-12eme\/wp-content\/uploads\/sites\/6\/2024\/04\/B9736002692Z.1_20240308081054_000GP3OD4DV0.1-0.jpg\" alt=\"\" width=\"864\" height=\"486\" srcset=\"https:\/\/etab.ac-reunion.fr\/clg-12eme\/wp-content\/uploads\/sites\/6\/2024\/04\/B9736002692Z.1_20240308081054_000GP3OD4DV0.1-0.jpg 864w, https:\/\/etab.ac-reunion.fr\/clg-12eme\/wp-content\/uploads\/sites\/6\/2024\/04\/B9736002692Z.1_20240308081054_000GP3OD4DV0.1-0-300x169.jpg 300w, https:\/\/etab.ac-reunion.fr\/clg-12eme\/wp-content\/uploads\/sites\/6\/2024\/04\/B9736002692Z.1_20240308081054_000GP3OD4DV0.1-0-768x432.jpg 768w, https:\/\/etab.ac-reunion.fr\/clg-12eme\/wp-content\/uploads\/sites\/6\/2024\/04\/B9736002692Z.1_20240308081054_000GP3OD4DV0.1-0-500x281.jpg 500w\" sizes=\"auto, (max-width: 864px) 100vw, 864px\" \/><\/a><br \/>\nPour lui rendre hommage, le CDI organise une exposition de dessins pour tout le mois d&rsquo;avril.<\/p>\n<p>&nbsp;<\/p>\n<p>Tous les personnages du manga sont permis. Toutes techniques aussi.<\/p>\n<p>N&rsquo;h\u00e9sitez pas et \u00e0 bient\u00f4t au CDI.<\/p>\n<p>Mme DIJOUX R.\u00a0\u00bb<a href=\"https:\/\/etab.ac-reunion.fr\/clg-12eme\/wp-content\/uploads\/sites\/6\/2024\/04\/834749-dragonball-in-concert-le-cine-concert-du-manga-cultissime-debarque-a-paris.jpg\"><img loading=\"lazy\" decoding=\"async\" class=\"aligncenter size-full wp-image-2847\" src=\"https:\/\/etab.ac-reunion.fr\/clg-12eme\/wp-content\/uploads\/sites\/6\/2024\/04\/834749-dragonball-in-concert-le-cine-concert-du-manga-cultissime-debarque-a-paris.jpg\" alt=\"\" width=\"1687\" height=\"1200\" srcset=\"https:\/\/etab.ac-reunion.fr\/clg-12eme\/wp-content\/uploads\/sites\/6\/2024\/04\/834749-dragonball-in-concert-le-cine-concert-du-manga-cultissime-debarque-a-paris.jpg 1687w, https:\/\/etab.ac-reunion.fr\/clg-12eme\/wp-content\/uploads\/sites\/6\/2024\/04\/834749-dragonball-in-concert-le-cine-concert-du-manga-cultissime-debarque-a-paris-300x213.jpg 300w, https:\/\/etab.ac-reunion.fr\/clg-12eme\/wp-content\/uploads\/sites\/6\/2024\/04\/834749-dragonball-in-concert-le-cine-concert-du-manga-cultissime-debarque-a-paris-1024x728.jpg 1024w, https:\/\/etab.ac-reunion.fr\/clg-12eme\/wp-content\/uploads\/sites\/6\/2024\/04\/834749-dragonball-in-concert-le-cine-concert-du-manga-cultissime-debarque-a-paris-768x546.jpg 768w, https:\/\/etab.ac-reunion.fr\/clg-12eme\/wp-content\/uploads\/sites\/6\/2024\/04\/834749-dragonball-in-concert-le-cine-concert-du-manga-cultissime-debarque-a-paris-1536x1093.jpg 1536w, https:\/\/etab.ac-reunion.fr\/clg-12eme\/wp-content\/uploads\/sites\/6\/2024\/04\/834749-dragonball-in-concert-le-cine-concert-du-manga-cultissime-debarque-a-paris-450x320.jpg 450w\" sizes=\"auto, (max-width: 1687px) 100vw, 1687px\" \/><\/a><\/p>\n<p><a href=\"https:\/\/etab.ac-reunion.fr\/clg-12eme\/wp-content\/uploads\/sites\/6\/2024\/04\/news-merci-monsieur-akira-toriyama-1024x614-1.jpg\"><img loading=\"lazy\" decoding=\"async\" class=\"wp-image-2848 alignleft\" src=\"https:\/\/etab.ac-reunion.fr\/clg-12eme\/wp-content\/uploads\/sites\/6\/2024\/04\/news-merci-monsieur-akira-toriyama-1024x614-1.jpg\" alt=\"\" width=\"595\" height=\"357\" srcset=\"https:\/\/etab.ac-reunion.fr\/clg-12eme\/wp-content\/uploads\/sites\/6\/2024\/04\/news-merci-monsieur-akira-toriyama-1024x614-1.jpg 1024w, https:\/\/etab.ac-reunion.fr\/clg-12eme\/wp-content\/uploads\/sites\/6\/2024\/04\/news-merci-monsieur-akira-toriyama-1024x614-1-300x180.jpg 300w, https:\/\/etab.ac-reunion.fr\/clg-12eme\/wp-content\/uploads\/sites\/6\/2024\/04\/news-merci-monsieur-akira-toriyama-1024x614-1-768x461.jpg 768w, https:\/\/etab.ac-reunion.fr\/clg-12eme\/wp-content\/uploads\/sites\/6\/2024\/04\/news-merci-monsieur-akira-toriyama-1024x614-1-500x300.jpg 500w\" sizes=\"auto, (max-width: 595px) 100vw, 595px\" \/><\/a> <a href=\"https:\/\/etab.ac-reunion.fr\/clg-12eme\/wp-content\/uploads\/sites\/6\/2024\/04\/sandland.png\"><img loading=\"lazy\" decoding=\"async\" class=\"size-full wp-image-2849 alignright\" src=\"https:\/\/etab.ac-reunion.fr\/clg-12eme\/wp-content\/uploads\/sites\/6\/2024\/04\/sandland.png\" alt=\"\" width=\"700\" height=\"367\" srcset=\"https:\/\/etab.ac-reunion.fr\/clg-12eme\/wp-content\/uploads\/sites\/6\/2024\/04\/sandland.png 700w, https:\/\/etab.ac-reunion.fr\/clg-12eme\/wp-content\/uploads\/sites\/6\/2024\/04\/sandland-300x157.png 300w, https:\/\/etab.ac-reunion.fr\/clg-12eme\/wp-content\/uploads\/sites\/6\/2024\/04\/sandland-500x262.png 500w\" sizes=\"auto, (max-width: 700px) 100vw, 700px\" \/><\/a> <a href=\"https:\/\/etab.ac-reunion.fr\/clg-12eme\/wp-content\/uploads\/sites\/6\/2024\/04\/dragon.jpg\"><img loading=\"lazy\" decoding=\"async\" class=\"aligncenter size-full wp-image-2850\" src=\"https:\/\/etab.ac-reunion.fr\/clg-12eme\/wp-content\/uploads\/sites\/6\/2024\/04\/dragon.jpg\" alt=\"\" width=\"512\" height=\"268\" srcset=\"https:\/\/etab.ac-reunion.fr\/clg-12eme\/wp-content\/uploads\/sites\/6\/2024\/04\/dragon.jpg 512w, https:\/\/etab.ac-reunion.fr\/clg-12eme\/wp-content\/uploads\/sites\/6\/2024\/04\/dragon-300x157.jpg 300w, https:\/\/etab.ac-reunion.fr\/clg-12eme\/wp-content\/uploads\/sites\/6\/2024\/04\/dragon-500x262.jpg 500w\" sizes=\"auto, (max-width: 512px) 100vw, 512px\" \/><\/a><\/p>\n<p>&nbsp;<\/p>\n<h1><a href=\"https:\/\/etab.ac-reunion.fr\/clg-12eme\/activites-en-hommage-a-akira-toriyama\/\">Acc\u00e9der aux activit\u00e9s en ligne<\/a><\/h1>\n","protected":false},"excerpt":{"rendered":"<p>\u00ab\u00a0Le cr\u00e9ateur de Dragon Ball , Akira Toriyama, est d\u00e9c\u00e9d\u00e9 dernierement. Pour lui rendre hommage, le CDI organise une exposition de dessins pour tout le mois d&rsquo;avril. &nbsp; Tous les personnages du manga sont permis. Toutes techniques aussi. N&rsquo;h\u00e9sitez pas et \u00e0 bient\u00f4t au CDI. Mme DIJOUX R.\u00a0\u00bb &nbsp; Acc\u00e9der &hellip;<\/p>\n","protected":false},"author":33019,"featured_media":2845,"comment_status":"closed","ping_status":"closed","sticky":false,"template":"","format":"standard","meta":{"footnotes":"","_links_to":"","_links_to_target":""},"categories":[2,9,12],"tags":[],"class_list":["post-2844","post","type-post","status-publish","format-standard","has-post-thumbnail","hentry","category-informations-aux-familles","category-profs","category-cdi"],"_links":{"self":[{"href":"https:\/\/etab.ac-reunion.fr\/clg-12eme\/wp-json\/wp\/v2\/posts\/2844","targetHints":{"allow":["GET"]}}],"collection":[{"href":"https:\/\/etab.ac-reunion.fr\/clg-12eme\/wp-json\/wp\/v2\/posts"}],"about":[{"href":"https:\/\/etab.ac-reunion.fr\/clg-12eme\/wp-json\/wp\/v2\/types\/post"}],"author":[{"embeddable":true,"href":"https:\/\/etab.ac-reunion.fr\/clg-12eme\/wp-json\/wp\/v2\/users\/33019"}],"replies":[{"embeddable":true,"href":"https:\/\/etab.ac-reunion.fr\/clg-12eme\/wp-json\/wp\/v2\/comments?post=2844"}],"version-history":[{"count":4,"href":"https:\/\/etab.ac-reunion.fr\/clg-12eme\/wp-json\/wp\/v2\/posts\/2844\/revisions"}],"predecessor-version":[{"id":2901,"href":"https:\/\/etab.ac-reunion.fr\/clg-12eme\/wp-json\/wp\/v2\/posts\/2844\/revisions\/2901"}],"wp:featuredmedia":[{"embeddable":true,"href":"https:\/\/etab.ac-reunion.fr\/clg-12eme\/wp-json\/wp\/v2\/media\/2845"}],"wp:attachment":[{"href":"https:\/\/etab.ac-reunion.fr\/clg-12eme\/wp-json\/wp\/v2\/media?parent=2844"}],"wp:term":[{"taxonomy":"category","embeddable":true,"href":"https:\/\/etab.ac-reunion.fr\/clg-12eme\/wp-json\/wp\/v2\/categories?post=2844"},{"taxonomy":"post_tag","embeddable":true,"href":"https:\/\/etab.ac-reunion.fr\/clg-12eme\/wp-json\/wp\/v2\/tags?post=2844"}],"curies":[{"name":"wp","href":"https:\/\/api.w.org\/{rel}","templated":true}]}}