{"id":2856,"date":"2024-04-04T15:21:43","date_gmt":"2024-04-04T11:21:43","guid":{"rendered":"https:\/\/etab.ac-reunion.fr\/clg-12eme\/?p=2856"},"modified":"2024-04-04T15:21:43","modified_gmt":"2024-04-04T11:21:43","slug":"evaluation-nationale-danglais-classes-de-3eme-evlang","status":"publish","type":"post","link":"https:\/\/etab.ac-reunion.fr\/clg-12eme\/evaluation-nationale-danglais-classes-de-3eme-evlang\/","title":{"rendered":"Evaluation nationale d\u2019anglais classes de 3\u00e8me \u2013 Ev@lang"},"content":{"rendered":"<h1><span style=\"text-decoration: underline\"><span style=\"color: #ff0000;text-decoration: underline\">Evaluation nationale d\u2019anglais:<\/span><\/span><\/h1>\n<p>&nbsp;<\/p>\n<p><span class=\"fontstyle0\">Le minist\u00e8re de l\u2019\u00c9ducation nationale, de la Jeunesse et des Sports met en \u0153uvre un plan d\u2019action, dit \u00ab Plan langues vivantes \u00bb, dont l\u2019objectif est que les \u00e9l\u00e8ves ma\u00eetrisent mieux les langues \u00e9trang\u00e8res. Dans ce cadre est cr\u00e9\u00e9 un test de positionnement num\u00e9rique en anglais en classe de troisi\u00e8me, \u00ab Ev@lang coll\u00e8ge \u00bb.<\/span><\/p>\n<p>&nbsp;<\/p>\n<p><span class=\"fontstyle0\">Ev@lang coll\u00e8ge est un test con\u00e7u par France \u00c9ducation international (FEI), organisme expert en mati\u00e8re de certification linguistique et op\u00e9rateur public sous tutelle du minist\u00e8re, qui se fera en ligne via une plateforme num\u00e9rique d\u00e9volue \u00e0 cet usage. Il est compos\u00e9 de questions \u00e0 choix multiples. Ce test a une dur\u00e9e variable en fonction du niveau de comp\u00e9tence de l\u2019\u00e9l\u00e8ve (30 minutes en moyenne). Il est anonyme et respecte en tous points les principes du r\u00e8glement g\u00e9n\u00e9ral sur la protection des donn\u00e9es personnelles. Les diff\u00e9rentes \u00e9preuves du test permettent de positionner les \u00e9l\u00e8ves du niveau A1 au niveau B1+ du Cadre europ\u00e9en commun de r\u00e9f\u00e9rence pour les langues (CECRL) en compr\u00e9hension de l\u2019oral et en compr\u00e9hension de l\u2019\u00e9crit.<\/span><\/p>\n<p>&nbsp;<\/p>\n<p><span class=\"fontstyle0\">Apr\u00e8s le test, une fiche de r\u00e9sultats faisant appara\u00eetre un niveau global et un niveau de ma\u00eetrise sur l\u2019\u00e9chelle du CECRL, sera d\u00e9livr\u00e9e \u00e0 chaque \u00e9l\u00e8ve.<\/span><\/p>\n<p>&nbsp;<\/p>\n<p><span class=\"fontstyle0\">L\u2019enjeu de cette reconnaissance du niveau des \u00e9l\u00e8ves est multiple : les encourager et leur permettre de progresser, proposer un outil de pilotage national et acad\u00e9mique de la discipline, permettre aux \u00e9quipes p\u00e9dagogiques de disposer d\u2019outils de suivi des apprentissages.<\/span><\/p>\n<p><a href=\"https:\/\/etab.ac-reunion.fr\/clg-12eme\/wp-content\/uploads\/sites\/6\/2024\/04\/du-8-au-12-avril-2024.png\"><img loading=\"lazy\" decoding=\"async\" class=\"aligncenter wp-image-2857 size-full\" src=\"https:\/\/etab.ac-reunion.fr\/clg-12eme\/wp-content\/uploads\/sites\/6\/2024\/04\/du-8-au-12-avril-2024.png\" alt=\"\" width=\"500\" height=\"320\" srcset=\"https:\/\/etab.ac-reunion.fr\/clg-12eme\/wp-content\/uploads\/sites\/6\/2024\/04\/du-8-au-12-avril-2024.png 500w, https:\/\/etab.ac-reunion.fr\/clg-12eme\/wp-content\/uploads\/sites\/6\/2024\/04\/du-8-au-12-avril-2024-300x192.png 300w\" sizes=\"auto, (max-width: 500px) 100vw, 500px\" \/><\/a><\/p>\n<p>&nbsp;<\/p>\n<p><strong><span class=\"fontstyle0\" style=\"color: #0000ff\">Les tests Ev@lang pour nos \u00e9l\u00e8ves de 3\u00e8me se passeront dans la semaine du 8 au 12 avril 2024.<\/span><\/strong><\/p>\n<p><span class=\"fontstyle0\">La passation du test ne requiert pas de pr\u00e9paration particuli\u00e8re en cours d\u2019anglais. Cette passation sera faite sur une heure de cours d\u2019anglais et accompagn\u00e9e par le professeur d\u2019anglais.\u00a0<\/span><\/p>\n","protected":false},"excerpt":{"rendered":"<p>Evaluation nationale d\u2019anglais: &nbsp; Le minist\u00e8re de l\u2019\u00c9ducation nationale, de la Jeunesse et des Sports met en \u0153uvre un plan d\u2019action, dit \u00ab Plan langues vivantes \u00bb, dont l\u2019objectif est que les \u00e9l\u00e8ves ma\u00eetrisent mieux les langues \u00e9trang\u00e8res. Dans ce cadre est cr\u00e9\u00e9 un test de positionnement num\u00e9rique en anglais &hellip;<\/p>\n","protected":false},"author":33019,"featured_media":2857,"comment_status":"closed","ping_status":"closed","sticky":false,"template":"","format":"standard","meta":{"footnotes":"","_links_to":"","_links_to_target":""},"categories":[2,9],"tags":[],"class_list":["post-2856","post","type-post","status-publish","format-standard","has-post-thumbnail","hentry","category-informations-aux-familles","category-profs"],"_links":{"self":[{"href":"https:\/\/etab.ac-reunion.fr\/clg-12eme\/wp-json\/wp\/v2\/posts\/2856","targetHints":{"allow":["GET"]}}],"collection":[{"href":"https:\/\/etab.ac-reunion.fr\/clg-12eme\/wp-json\/wp\/v2\/posts"}],"about":[{"href":"https:\/\/etab.ac-reunion.fr\/clg-12eme\/wp-json\/wp\/v2\/types\/post"}],"author":[{"embeddable":true,"href":"https:\/\/etab.ac-reunion.fr\/clg-12eme\/wp-json\/wp\/v2\/users\/33019"}],"replies":[{"embeddable":true,"href":"https:\/\/etab.ac-reunion.fr\/clg-12eme\/wp-json\/wp\/v2\/comments?post=2856"}],"version-history":[{"count":2,"href":"https:\/\/etab.ac-reunion.fr\/clg-12eme\/wp-json\/wp\/v2\/posts\/2856\/revisions"}],"predecessor-version":[{"id":2859,"href":"https:\/\/etab.ac-reunion.fr\/clg-12eme\/wp-json\/wp\/v2\/posts\/2856\/revisions\/2859"}],"wp:featuredmedia":[{"embeddable":true,"href":"https:\/\/etab.ac-reunion.fr\/clg-12eme\/wp-json\/wp\/v2\/media\/2857"}],"wp:attachment":[{"href":"https:\/\/etab.ac-reunion.fr\/clg-12eme\/wp-json\/wp\/v2\/media?parent=2856"}],"wp:term":[{"taxonomy":"category","embeddable":true,"href":"https:\/\/etab.ac-reunion.fr\/clg-12eme\/wp-json\/wp\/v2\/categories?post=2856"},{"taxonomy":"post_tag","embeddable":true,"href":"https:\/\/etab.ac-reunion.fr\/clg-12eme\/wp-json\/wp\/v2\/tags?post=2856"}],"curies":[{"name":"wp","href":"https:\/\/api.w.org\/{rel}","templated":true}]}}