{"id":2870,"date":"2024-04-05T14:40:55","date_gmt":"2024-04-05T10:40:55","guid":{"rendered":"https:\/\/etab.ac-reunion.fr\/clg-12eme\/?p=2870"},"modified":"2024-04-05T14:43:37","modified_gmt":"2024-04-05T10:43:37","slug":"peac-protection-des-oceans-5c","status":"publish","type":"post","link":"https:\/\/etab.ac-reunion.fr\/clg-12eme\/peac-protection-des-oceans-5c\/","title":{"rendered":"PEAC \u2013Protection des oc\u00e9ans \u2013 5C"},"content":{"rendered":"<h1><span style=\"text-decoration: underline\"><span style=\"color: #3366ff;text-decoration: underline\">Parcours d\u2019\u00e9ducation artistique et culturelle<\/span><\/span><\/h1>\n<p>Dans le cadre du PEAC, Mme Dijoux R., Mme Dijoux C. et Mme Tink Long Ki, organisent la venue de l\u2019association Globice au CDI pour une pr\u00e9sentation des c\u00e9tac\u00e9s dans l\u2019objectif de prot\u00e9ger les oc\u00e9ans.<br \/>\nCette intervention sera \u00e0 destination de la classe de 5C et sera d\u2019une dur\u00e9e de 2h.<\/p>\n<p><a href=\"https:\/\/etab.ac-reunion.fr\/clg-12eme\/wp-content\/uploads\/sites\/6\/2024\/04\/globicebaleine.jpg\"><img loading=\"lazy\" decoding=\"async\" class=\"aligncenter size-full wp-image-2872\" src=\"https:\/\/etab.ac-reunion.fr\/clg-12eme\/wp-content\/uploads\/sites\/6\/2024\/04\/globicebaleine.jpg\" alt=\"\" width=\"2048\" height=\"1580\" srcset=\"https:\/\/etab.ac-reunion.fr\/clg-12eme\/wp-content\/uploads\/sites\/6\/2024\/04\/globicebaleine.jpg 2048w, https:\/\/etab.ac-reunion.fr\/clg-12eme\/wp-content\/uploads\/sites\/6\/2024\/04\/globicebaleine-300x231.jpg 300w, https:\/\/etab.ac-reunion.fr\/clg-12eme\/wp-content\/uploads\/sites\/6\/2024\/04\/globicebaleine-1024x790.jpg 1024w, https:\/\/etab.ac-reunion.fr\/clg-12eme\/wp-content\/uploads\/sites\/6\/2024\/04\/globicebaleine-768x593.jpg 768w, https:\/\/etab.ac-reunion.fr\/clg-12eme\/wp-content\/uploads\/sites\/6\/2024\/04\/globicebaleine-1536x1185.jpg 1536w, https:\/\/etab.ac-reunion.fr\/clg-12eme\/wp-content\/uploads\/sites\/6\/2024\/04\/globicebaleine-415x320.jpg 415w\" sizes=\"auto, (max-width: 2048px) 100vw, 2048px\" \/><\/a><\/p>\n","protected":false},"excerpt":{"rendered":"<p>Parcours d\u2019\u00e9ducation artistique et culturelle Dans le cadre du PEAC, Mme Dijoux R., Mme Dijoux C. et Mme Tink Long Ki, organisent la venue de l\u2019association Globice au CDI pour une pr\u00e9sentation des c\u00e9tac\u00e9s dans l\u2019objectif de prot\u00e9ger les oc\u00e9ans. Cette intervention sera \u00e0 destination de la classe de 5C &hellip;<\/p>\n","protected":false},"author":33019,"featured_media":2871,"comment_status":"closed","ping_status":"closed","sticky":false,"template":"","format":"standard","meta":{"footnotes":"","_links_to":"","_links_to_target":""},"categories":[2,9,12,23],"tags":[],"class_list":["post-2870","post","type-post","status-publish","format-standard","has-post-thumbnail","hentry","category-informations-aux-familles","category-profs","category-cdi","category-parcours-eac"],"_links":{"self":[{"href":"https:\/\/etab.ac-reunion.fr\/clg-12eme\/wp-json\/wp\/v2\/posts\/2870","targetHints":{"allow":["GET"]}}],"collection":[{"href":"https:\/\/etab.ac-reunion.fr\/clg-12eme\/wp-json\/wp\/v2\/posts"}],"about":[{"href":"https:\/\/etab.ac-reunion.fr\/clg-12eme\/wp-json\/wp\/v2\/types\/post"}],"author":[{"embeddable":true,"href":"https:\/\/etab.ac-reunion.fr\/clg-12eme\/wp-json\/wp\/v2\/users\/33019"}],"replies":[{"embeddable":true,"href":"https:\/\/etab.ac-reunion.fr\/clg-12eme\/wp-json\/wp\/v2\/comments?post=2870"}],"version-history":[{"count":1,"href":"https:\/\/etab.ac-reunion.fr\/clg-12eme\/wp-json\/wp\/v2\/posts\/2870\/revisions"}],"predecessor-version":[{"id":2873,"href":"https:\/\/etab.ac-reunion.fr\/clg-12eme\/wp-json\/wp\/v2\/posts\/2870\/revisions\/2873"}],"wp:featuredmedia":[{"embeddable":true,"href":"https:\/\/etab.ac-reunion.fr\/clg-12eme\/wp-json\/wp\/v2\/media\/2871"}],"wp:attachment":[{"href":"https:\/\/etab.ac-reunion.fr\/clg-12eme\/wp-json\/wp\/v2\/media?parent=2870"}],"wp:term":[{"taxonomy":"category","embeddable":true,"href":"https:\/\/etab.ac-reunion.fr\/clg-12eme\/wp-json\/wp\/v2\/categories?post=2870"},{"taxonomy":"post_tag","embeddable":true,"href":"https:\/\/etab.ac-reunion.fr\/clg-12eme\/wp-json\/wp\/v2\/tags?post=2870"}],"curies":[{"name":"wp","href":"https:\/\/api.w.org\/{rel}","templated":true}]}}