{"id":3329,"date":"2024-11-07T13:47:04","date_gmt":"2024-11-07T09:47:04","guid":{"rendered":"https:\/\/etab.ac-reunion.fr\/clg-12eme\/?p=3329"},"modified":"2024-11-07T13:47:04","modified_gmt":"2024-11-07T09:47:04","slug":"lutte-contre-harcelement-questionnaires-6eme","status":"publish","type":"post","link":"https:\/\/etab.ac-reunion.fr\/clg-12eme\/lutte-contre-harcelement-questionnaires-6eme\/","title":{"rendered":"Lutte contre harc\u00e8lement &#8211; Questionnaires 6\u00e8me"},"content":{"rendered":"<p>Mesdames, Messieurs,<\/p>\n<p>Dans le cadre de la lutte contre le harc\u00e8lement, le minist\u00e8re demande la passation d&rsquo;un questionnaire aupr\u00e8s des coll\u00e9giens, avec des contraintes sp\u00e9cifiques.<br \/>\nL&rsquo;\u00e9quipe de direction du coll\u00e8ge du 12\u00e8me a fait le choix de cibler cette ann\u00e9e le niveau 6\u00e8me.<\/p>\n<p>Vous trouverez ci-dessous le planning des passations.<\/p>\n<p>Les PP 6\u00e8me trouveront \u00e9galement dans leurs casiers le courrier d&rsquo;information \u00e0 remettre aux familles et \u00e9l\u00e8ves en notant la date de remise dans le carnet de liaison.<\/p>\n<p>Par avance, je vous remercie pour votre coop\u00e9ration.<\/p>\n<p>Cordialement,<br \/>\nMme Maucourant-Dalloz<\/p>\n<p>&nbsp;<\/p>\n<p><a href=\"https:\/\/etab.ac-reunion.fr\/clg-12eme\/wp-content\/uploads\/sites\/6\/2024\/11\/Capturetableau.jpg\"><img loading=\"lazy\" decoding=\"async\" class=\"size-full wp-image-3331 aligncenter\" src=\"https:\/\/etab.ac-reunion.fr\/clg-12eme\/wp-content\/uploads\/sites\/6\/2024\/11\/Capturetableau.jpg\" alt=\"\" width=\"824\" height=\"320\" srcset=\"https:\/\/etab.ac-reunion.fr\/clg-12eme\/wp-content\/uploads\/sites\/6\/2024\/11\/Capturetableau.jpg 824w, https:\/\/etab.ac-reunion.fr\/clg-12eme\/wp-content\/uploads\/sites\/6\/2024\/11\/Capturetableau-300x117.jpg 300w, https:\/\/etab.ac-reunion.fr\/clg-12eme\/wp-content\/uploads\/sites\/6\/2024\/11\/Capturetableau-768x298.jpg 768w, https:\/\/etab.ac-reunion.fr\/clg-12eme\/wp-content\/uploads\/sites\/6\/2024\/11\/Capturetableau-500x194.jpg 500w\" sizes=\"auto, (max-width: 824px) 100vw, 824px\" \/><\/a><\/p>\n","protected":false},"excerpt":{"rendered":"<p>Mesdames, Messieurs, Dans le cadre de la lutte contre le harc\u00e8lement, le minist\u00e8re demande la passation d&rsquo;un questionnaire aupr\u00e8s des coll\u00e9giens, avec des contraintes sp\u00e9cifiques. L&rsquo;\u00e9quipe de direction du coll\u00e8ge du 12\u00e8me a fait le choix de cibler cette ann\u00e9e le niveau 6\u00e8me. Vous trouverez ci-dessous le planning des passations. &hellip;<\/p>\n","protected":false},"author":33019,"featured_media":3330,"comment_status":"closed","ping_status":"closed","sticky":false,"template":"","format":"standard","meta":{"footnotes":"","_links_to":"","_links_to_target":""},"categories":[2,9],"tags":[],"class_list":["post-3329","post","type-post","status-publish","format-standard","has-post-thumbnail","hentry","category-informations-aux-familles","category-profs"],"_links":{"self":[{"href":"https:\/\/etab.ac-reunion.fr\/clg-12eme\/wp-json\/wp\/v2\/posts\/3329","targetHints":{"allow":["GET"]}}],"collection":[{"href":"https:\/\/etab.ac-reunion.fr\/clg-12eme\/wp-json\/wp\/v2\/posts"}],"about":[{"href":"https:\/\/etab.ac-reunion.fr\/clg-12eme\/wp-json\/wp\/v2\/types\/post"}],"author":[{"embeddable":true,"href":"https:\/\/etab.ac-reunion.fr\/clg-12eme\/wp-json\/wp\/v2\/users\/33019"}],"replies":[{"embeddable":true,"href":"https:\/\/etab.ac-reunion.fr\/clg-12eme\/wp-json\/wp\/v2\/comments?post=3329"}],"version-history":[{"count":4,"href":"https:\/\/etab.ac-reunion.fr\/clg-12eme\/wp-json\/wp\/v2\/posts\/3329\/revisions"}],"predecessor-version":[{"id":3335,"href":"https:\/\/etab.ac-reunion.fr\/clg-12eme\/wp-json\/wp\/v2\/posts\/3329\/revisions\/3335"}],"wp:featuredmedia":[{"embeddable":true,"href":"https:\/\/etab.ac-reunion.fr\/clg-12eme\/wp-json\/wp\/v2\/media\/3330"}],"wp:attachment":[{"href":"https:\/\/etab.ac-reunion.fr\/clg-12eme\/wp-json\/wp\/v2\/media?parent=3329"}],"wp:term":[{"taxonomy":"category","embeddable":true,"href":"https:\/\/etab.ac-reunion.fr\/clg-12eme\/wp-json\/wp\/v2\/categories?post=3329"},{"taxonomy":"post_tag","embeddable":true,"href":"https:\/\/etab.ac-reunion.fr\/clg-12eme\/wp-json\/wp\/v2\/tags?post=3329"}],"curies":[{"name":"wp","href":"https:\/\/api.w.org\/{rel}","templated":true}]}}