{"id":3341,"date":"2024-11-07T15:20:03","date_gmt":"2024-11-07T11:20:03","guid":{"rendered":"https:\/\/etab.ac-reunion.fr\/clg-12eme\/?p=3341"},"modified":"2024-11-07T15:20:03","modified_gmt":"2024-11-07T11:20:03","slug":"demande-damenagement-a-lexamen","status":"publish","type":"post","link":"https:\/\/etab.ac-reunion.fr\/clg-12eme\/demande-damenagement-a-lexamen\/","title":{"rendered":"Demande d&rsquo;am\u00e9nagement \u00e0 l&rsquo;examen"},"content":{"rendered":"<p>Mesdames, Messieurs<\/p>\n<p>Les informations relatives \u00e0 la demande d&rsquo;am\u00e9nagements \u00e0 l&rsquo;examen nous sont parvenues.<\/p>\n<p>M. Babet, r\u00e9f\u00e9rent du niveau 3\u00e8me, en lien avec les PP et avec Mme V\u00e9lia, infirmi\u00e8re scolaire, remettra aux \u00e9l\u00e8ves\/familles concern\u00e9s :<br \/>\n&#8211; la note de service explicative pour effectuer la demande d&rsquo;am\u00e9nagement<br \/>\n&#8211; l&rsquo;annexe 1 fournie par le rectorat.<br \/>\nAfin de pouvoir renseigner au mieux les \u00e9l\u00e8ves et familles, vous trouverez ces deux documents en pi\u00e8ces jointes.<br \/>\nEn effet, il est demand\u00e9 par Monsieur le Recteur d&rsquo;accompagner au mieux les familles dans cette d\u00e9marche.<\/p>\n<p>Par avance, je vous remercie pour votre coop\u00e9ration.<\/p>\n<p>Cordialement,<br \/>\nMme Maucourant-Dalloz<\/p>\n","protected":false},"excerpt":{"rendered":"<p>Mesdames, Messieurs Les informations relatives \u00e0 la demande d&rsquo;am\u00e9nagements \u00e0 l&rsquo;examen nous sont parvenues. M. Babet, r\u00e9f\u00e9rent du niveau 3\u00e8me, en lien avec les PP et avec Mme V\u00e9lia, infirmi\u00e8re scolaire, remettra aux \u00e9l\u00e8ves\/familles concern\u00e9s : &#8211; la note de service explicative pour effectuer la demande d&rsquo;am\u00e9nagement &#8211; l&rsquo;annexe 1 &hellip;<\/p>\n","protected":false},"author":33019,"featured_media":3342,"comment_status":"closed","ping_status":"closed","sticky":false,"template":"","format":"standard","meta":{"footnotes":"","_links_to":"","_links_to_target":""},"categories":[2,9],"tags":[],"class_list":["post-3341","post","type-post","status-publish","format-standard","has-post-thumbnail","hentry","category-informations-aux-familles","category-profs"],"_links":{"self":[{"href":"https:\/\/etab.ac-reunion.fr\/clg-12eme\/wp-json\/wp\/v2\/posts\/3341","targetHints":{"allow":["GET"]}}],"collection":[{"href":"https:\/\/etab.ac-reunion.fr\/clg-12eme\/wp-json\/wp\/v2\/posts"}],"about":[{"href":"https:\/\/etab.ac-reunion.fr\/clg-12eme\/wp-json\/wp\/v2\/types\/post"}],"author":[{"embeddable":true,"href":"https:\/\/etab.ac-reunion.fr\/clg-12eme\/wp-json\/wp\/v2\/users\/33019"}],"replies":[{"embeddable":true,"href":"https:\/\/etab.ac-reunion.fr\/clg-12eme\/wp-json\/wp\/v2\/comments?post=3341"}],"version-history":[{"count":1,"href":"https:\/\/etab.ac-reunion.fr\/clg-12eme\/wp-json\/wp\/v2\/posts\/3341\/revisions"}],"predecessor-version":[{"id":3343,"href":"https:\/\/etab.ac-reunion.fr\/clg-12eme\/wp-json\/wp\/v2\/posts\/3341\/revisions\/3343"}],"wp:featuredmedia":[{"embeddable":true,"href":"https:\/\/etab.ac-reunion.fr\/clg-12eme\/wp-json\/wp\/v2\/media\/3342"}],"wp:attachment":[{"href":"https:\/\/etab.ac-reunion.fr\/clg-12eme\/wp-json\/wp\/v2\/media?parent=3341"}],"wp:term":[{"taxonomy":"category","embeddable":true,"href":"https:\/\/etab.ac-reunion.fr\/clg-12eme\/wp-json\/wp\/v2\/categories?post=3341"},{"taxonomy":"post_tag","embeddable":true,"href":"https:\/\/etab.ac-reunion.fr\/clg-12eme\/wp-json\/wp\/v2\/tags?post=3341"}],"curies":[{"name":"wp","href":"https:\/\/api.w.org\/{rel}","templated":true}]}}