{"id":3345,"date":"2024-11-08T10:27:15","date_gmt":"2024-11-08T06:27:15","guid":{"rendered":"https:\/\/etab.ac-reunion.fr\/clg-12eme\/?p=3345"},"modified":"2024-11-08T12:46:08","modified_gmt":"2024-11-08T08:46:08","slug":"journee-mondiale-de-lutte-contre-le-harcelement-scolaire-du-jeudi-07-11-2024","status":"publish","type":"post","link":"https:\/\/etab.ac-reunion.fr\/clg-12eme\/journee-mondiale-de-lutte-contre-le-harcelement-scolaire-du-jeudi-07-11-2024\/","title":{"rendered":"Journ\u00e9e mondiale de lutte contre le harc\u00e8lement scolaire du jeudi 07\/11\/2024"},"content":{"rendered":"<p>Nous tenons \u00e0 remercier les ambassadeurs pHARe, l&rsquo;\u00e9quipe pHARe, les parents d&rsquo;\u00e9l\u00e8ves, les AESH, AED, les enseignants, les \u00e9l\u00e8ves, le responsable TICE, la professeure documentaliste ainsi que tous les personnels qui ont contribu\u00e9 \u00e0 la r\u00e9ussite de cette journ\u00e9e.<\/p>\n<p>Un remerciement particulier \u00e0 la Direction du coll\u00e8ge qui nous a soutenus dans cette action.<\/p>\n<p style=\"text-align: right\">L&rsquo;\u00e9quipe pHARe<\/p>\n<p>&nbsp;<\/p>\n<p>&nbsp;<\/p>\n<p><a href=\"https:\/\/etab.ac-reunion.fr\/clg-12eme\/wp-content\/uploads\/sites\/6\/2024\/11\/stop-au-harcelement.jpg\"><img loading=\"lazy\" decoding=\"async\" class=\"size-full wp-image-3346 aligncenter\" src=\"https:\/\/etab.ac-reunion.fr\/clg-12eme\/wp-content\/uploads\/sites\/6\/2024\/11\/stop-au-harcelement.jpg\" alt=\"\" width=\"1371\" height=\"1920\" srcset=\"https:\/\/etab.ac-reunion.fr\/clg-12eme\/wp-content\/uploads\/sites\/6\/2024\/11\/stop-au-harcelement.jpg 1371w, https:\/\/etab.ac-reunion.fr\/clg-12eme\/wp-content\/uploads\/sites\/6\/2024\/11\/stop-au-harcelement-214x300.jpg 214w, https:\/\/etab.ac-reunion.fr\/clg-12eme\/wp-content\/uploads\/sites\/6\/2024\/11\/stop-au-harcelement-731x1024.jpg 731w, https:\/\/etab.ac-reunion.fr\/clg-12eme\/wp-content\/uploads\/sites\/6\/2024\/11\/stop-au-harcelement-768x1076.jpg 768w, https:\/\/etab.ac-reunion.fr\/clg-12eme\/wp-content\/uploads\/sites\/6\/2024\/11\/stop-au-harcelement-1097x1536.jpg 1097w, https:\/\/etab.ac-reunion.fr\/clg-12eme\/wp-content\/uploads\/sites\/6\/2024\/11\/stop-au-harcelement-229x320.jpg 229w\" sizes=\"auto, (max-width: 1371px) 100vw, 1371px\" \/><\/a><\/p>\n<p><a href=\"https:\/\/nuage06.apps.education.fr\/index.php\/s\/BjxpaYZEsYebQE7\"><img loading=\"lazy\" decoding=\"async\" class=\"size-full wp-image-3357 alignleft\" src=\"https:\/\/etab.ac-reunion.fr\/clg-12eme\/wp-content\/uploads\/sites\/6\/2024\/11\/video1.png\" alt=\"\" width=\"500\" height=\"320\" srcset=\"https:\/\/etab.ac-reunion.fr\/clg-12eme\/wp-content\/uploads\/sites\/6\/2024\/11\/video1.png 500w, https:\/\/etab.ac-reunion.fr\/clg-12eme\/wp-content\/uploads\/sites\/6\/2024\/11\/video1-300x192.png 300w\" sizes=\"auto, (max-width: 500px) 100vw, 500px\" \/><\/a><\/p>\n<p><a href=\"https:\/\/nuage06.apps.education.fr\/index.php\/s\/XrE3TLfDBY2H4xw\"><img loading=\"lazy\" decoding=\"async\" class=\"alignright size-full wp-image-3358\" src=\"https:\/\/etab.ac-reunion.fr\/clg-12eme\/wp-content\/uploads\/sites\/6\/2024\/11\/video1-1.png\" alt=\"\" width=\"500\" height=\"320\" srcset=\"https:\/\/etab.ac-reunion.fr\/clg-12eme\/wp-content\/uploads\/sites\/6\/2024\/11\/video1-1.png 500w, https:\/\/etab.ac-reunion.fr\/clg-12eme\/wp-content\/uploads\/sites\/6\/2024\/11\/video1-1-300x192.png 300w\" sizes=\"auto, (max-width: 500px) 100vw, 500px\" \/><\/a><\/p>\n<p>&nbsp;<\/p>\n<p>&nbsp;<\/p>\n","protected":false},"excerpt":{"rendered":"<p>Nous tenons \u00e0 remercier les ambassadeurs pHARe, l&rsquo;\u00e9quipe pHARe, les parents d&rsquo;\u00e9l\u00e8ves, les AESH, AED, les enseignants, les \u00e9l\u00e8ves, le responsable TICE, la professeure documentaliste ainsi que tous les personnels qui ont contribu\u00e9 \u00e0 la r\u00e9ussite de cette journ\u00e9e. Un remerciement particulier \u00e0 la Direction du coll\u00e8ge qui nous a &hellip;<\/p>\n","protected":false},"author":33019,"featured_media":3359,"comment_status":"closed","ping_status":"closed","sticky":false,"template":"","format":"standard","meta":{"footnotes":"","_links_to":"","_links_to_target":""},"categories":[2,9,26],"tags":[],"class_list":["post-3345","post","type-post","status-publish","format-standard","has-post-thumbnail","hentry","category-informations-aux-familles","category-profs","category-parcours-citoyen"],"_links":{"self":[{"href":"https:\/\/etab.ac-reunion.fr\/clg-12eme\/wp-json\/wp\/v2\/posts\/3345","targetHints":{"allow":["GET"]}}],"collection":[{"href":"https:\/\/etab.ac-reunion.fr\/clg-12eme\/wp-json\/wp\/v2\/posts"}],"about":[{"href":"https:\/\/etab.ac-reunion.fr\/clg-12eme\/wp-json\/wp\/v2\/types\/post"}],"author":[{"embeddable":true,"href":"https:\/\/etab.ac-reunion.fr\/clg-12eme\/wp-json\/wp\/v2\/users\/33019"}],"replies":[{"embeddable":true,"href":"https:\/\/etab.ac-reunion.fr\/clg-12eme\/wp-json\/wp\/v2\/comments?post=3345"}],"version-history":[{"count":26,"href":"https:\/\/etab.ac-reunion.fr\/clg-12eme\/wp-json\/wp\/v2\/posts\/3345\/revisions"}],"predecessor-version":[{"id":3375,"href":"https:\/\/etab.ac-reunion.fr\/clg-12eme\/wp-json\/wp\/v2\/posts\/3345\/revisions\/3375"}],"wp:featuredmedia":[{"embeddable":true,"href":"https:\/\/etab.ac-reunion.fr\/clg-12eme\/wp-json\/wp\/v2\/media\/3359"}],"wp:attachment":[{"href":"https:\/\/etab.ac-reunion.fr\/clg-12eme\/wp-json\/wp\/v2\/media?parent=3345"}],"wp:term":[{"taxonomy":"category","embeddable":true,"href":"https:\/\/etab.ac-reunion.fr\/clg-12eme\/wp-json\/wp\/v2\/categories?post=3345"},{"taxonomy":"post_tag","embeddable":true,"href":"https:\/\/etab.ac-reunion.fr\/clg-12eme\/wp-json\/wp\/v2\/tags?post=3345"}],"curies":[{"name":"wp","href":"https:\/\/api.w.org\/{rel}","templated":true}]}}