{"id":3608,"date":"2025-03-24T10:08:07","date_gmt":"2025-03-24T06:08:07","guid":{"rendered":"https:\/\/etab.ac-reunion.fr\/clg-12eme\/?p=3608"},"modified":"2025-03-24T10:08:54","modified_gmt":"2025-03-24T06:08:54","slug":"peac-atelier-theatre-projet-inter-degre-2eme-partie-et-spectacle","status":"publish","type":"post","link":"https:\/\/etab.ac-reunion.fr\/clg-12eme\/peac-atelier-theatre-projet-inter-degre-2eme-partie-et-spectacle\/","title":{"rendered":"PEAC Atelier th\u00e9\u00e2tre \u2013 Projet inter-degr\u00e9 \u2013 2\u00e8me partie et spectacle"},"content":{"rendered":"<p><span class=\"fontstyle0\">Dans le cadre du parcours artistique et culturel et de la continuit\u00e9 \u00e9cole-coll\u00e8ge, Mme Dijoux et Mme Boulanger organisent une action \u00e0 l\u2019auditorium du Tampon pour nos \u00e9l\u00e8ves de l\u2019atelier th\u00e9\u00e2tre (13 \u00e9l\u00e8ves de 6C), une classe de CM de l\u2019\u00e9cole Roland F\u00e9lix et une classe de CM de l\u2019\u00e9cole Charles Isautier.<\/span><\/p>\n","protected":false},"excerpt":{"rendered":"<p>Dans le cadre du parcours artistique et culturel et de la continuit\u00e9 \u00e9cole-coll\u00e8ge, Mme Dijoux et Mme Boulanger organisent une action \u00e0 l\u2019auditorium du Tampon pour nos \u00e9l\u00e8ves de l\u2019atelier th\u00e9\u00e2tre (13 \u00e9l\u00e8ves de 6C), une classe de CM de l\u2019\u00e9cole Roland F\u00e9lix et une classe de CM de l\u2019\u00e9cole &hellip;<\/p>\n","protected":false},"author":33019,"featured_media":3609,"comment_status":"closed","ping_status":"closed","sticky":false,"template":"","format":"standard","meta":{"footnotes":"","_links_to":"","_links_to_target":""},"categories":[2,9,23],"tags":[],"class_list":["post-3608","post","type-post","status-publish","format-standard","has-post-thumbnail","hentry","category-informations-aux-familles","category-profs","category-parcours-eac"],"_links":{"self":[{"href":"https:\/\/etab.ac-reunion.fr\/clg-12eme\/wp-json\/wp\/v2\/posts\/3608","targetHints":{"allow":["GET"]}}],"collection":[{"href":"https:\/\/etab.ac-reunion.fr\/clg-12eme\/wp-json\/wp\/v2\/posts"}],"about":[{"href":"https:\/\/etab.ac-reunion.fr\/clg-12eme\/wp-json\/wp\/v2\/types\/post"}],"author":[{"embeddable":true,"href":"https:\/\/etab.ac-reunion.fr\/clg-12eme\/wp-json\/wp\/v2\/users\/33019"}],"replies":[{"embeddable":true,"href":"https:\/\/etab.ac-reunion.fr\/clg-12eme\/wp-json\/wp\/v2\/comments?post=3608"}],"version-history":[{"count":1,"href":"https:\/\/etab.ac-reunion.fr\/clg-12eme\/wp-json\/wp\/v2\/posts\/3608\/revisions"}],"predecessor-version":[{"id":3610,"href":"https:\/\/etab.ac-reunion.fr\/clg-12eme\/wp-json\/wp\/v2\/posts\/3608\/revisions\/3610"}],"wp:featuredmedia":[{"embeddable":true,"href":"https:\/\/etab.ac-reunion.fr\/clg-12eme\/wp-json\/wp\/v2\/media\/3609"}],"wp:attachment":[{"href":"https:\/\/etab.ac-reunion.fr\/clg-12eme\/wp-json\/wp\/v2\/media?parent=3608"}],"wp:term":[{"taxonomy":"category","embeddable":true,"href":"https:\/\/etab.ac-reunion.fr\/clg-12eme\/wp-json\/wp\/v2\/categories?post=3608"},{"taxonomy":"post_tag","embeddable":true,"href":"https:\/\/etab.ac-reunion.fr\/clg-12eme\/wp-json\/wp\/v2\/tags?post=3608"}],"curies":[{"name":"wp","href":"https:\/\/api.w.org\/{rel}","templated":true}]}}