{"id":3958,"date":"2026-04-14T12:31:12","date_gmt":"2026-04-14T08:31:12","guid":{"rendered":"https:\/\/etab.ac-reunion.fr\/clg-12eme\/?p=3958"},"modified":"2026-04-14T13:46:17","modified_gmt":"2026-04-14T09:46:17","slug":"petits-nids-de-lecture","status":"publish","type":"post","link":"https:\/\/etab.ac-reunion.fr\/clg-12eme\/petits-nids-de-lecture\/","title":{"rendered":"Petits nids de lecture"},"content":{"rendered":"<h5 class=\"cvGsUA direction-ltr align-center para-style-body\" style=\"text-align: center\"><span class=\"a_GcMg font-feature-liga-off font-feature-clig-off font-feature-calt-off text-decoration-none text-strikethrough-none\" style=\"color: #ff6600\">Le coll\u00e8ge accueille des \u201cpetits nids de lecture\u201d o\u00f9 nos \u00e9l\u00e8ves peuvent b\u00e9n\u00e9ficier de moments de calme et d\u2019\u00e9vasion \u00e0 travers la lecture.<\/span><\/h5>\n<h5 class=\"cvGsUA direction-ltr align-center para-style-body\" style=\"text-align: center\"><span class=\"a_GcMg font-feature-liga-off font-feature-clig-off font-feature-calt-off text-decoration-none text-strikethrough-none\" style=\"color: #339966\">Ces espaces, con\u00e7us pour favoriser la d\u00e9tente et la d\u00e9couverte ont rapidement \u00e9t\u00e9 adopt\u00e9s par nos \u00e9l\u00e8ves qui y trouvent un refuge agr\u00e9able pour s\u2019\u00e9vader et d\u00e9velopper leur plaisir de lire.<\/span><\/h5>\n<h5 class=\"cvGsUA direction-ltr align-center para-style-body\" style=\"text-align: center\"><span class=\"a_GcMg font-feature-liga-off font-feature-clig-off font-feature-calt-off text-decoration-none text-strikethrough-none\" style=\"color: #0000ff\">Quel bonheur !<\/span><\/h5>\n<p><img loading=\"lazy\" decoding=\"async\" class=\"alignleft wp-image-3965 size-large\" src=\"https:\/\/etab.ac-reunion.fr\/clg-12eme\/wp-content\/uploads\/sites\/6\/2026\/04\/DUKC6608-1024x768.jpg\" alt=\"\" width=\"1024\" height=\"768\" srcset=\"https:\/\/etab.ac-reunion.fr\/clg-12eme\/wp-content\/uploads\/sites\/6\/2026\/04\/DUKC6608-1024x768.jpg 1024w, https:\/\/etab.ac-reunion.fr\/clg-12eme\/wp-content\/uploads\/sites\/6\/2026\/04\/DUKC6608-300x225.jpg 300w, https:\/\/etab.ac-reunion.fr\/clg-12eme\/wp-content\/uploads\/sites\/6\/2026\/04\/DUKC6608-768x576.jpg 768w, https:\/\/etab.ac-reunion.fr\/clg-12eme\/wp-content\/uploads\/sites\/6\/2026\/04\/DUKC6608-1536x1152.jpg 1536w, https:\/\/etab.ac-reunion.fr\/clg-12eme\/wp-content\/uploads\/sites\/6\/2026\/04\/DUKC6608-427x320.jpg 427w, https:\/\/etab.ac-reunion.fr\/clg-12eme\/wp-content\/uploads\/sites\/6\/2026\/04\/DUKC6608.jpg 1600w\" sizes=\"auto, (max-width: 1024px) 100vw, 1024px\" \/><img loading=\"lazy\" decoding=\"async\" class=\"wp-image-3960 size-large alignright\" src=\"https:\/\/etab.ac-reunion.fr\/clg-12eme\/wp-content\/uploads\/sites\/6\/2026\/04\/VZOB5664-1024x716.jpg\" alt=\"\" width=\"1024\" height=\"716\" srcset=\"https:\/\/etab.ac-reunion.fr\/clg-12eme\/wp-content\/uploads\/sites\/6\/2026\/04\/VZOB5664-1024x716.jpg 1024w, https:\/\/etab.ac-reunion.fr\/clg-12eme\/wp-content\/uploads\/sites\/6\/2026\/04\/VZOB5664-300x210.jpg 300w, https:\/\/etab.ac-reunion.fr\/clg-12eme\/wp-content\/uploads\/sites\/6\/2026\/04\/VZOB5664-768x537.jpg 768w, https:\/\/etab.ac-reunion.fr\/clg-12eme\/wp-content\/uploads\/sites\/6\/2026\/04\/VZOB5664-1536x1074.jpg 1536w, https:\/\/etab.ac-reunion.fr\/clg-12eme\/wp-content\/uploads\/sites\/6\/2026\/04\/VZOB5664-458x320.jpg 458w, https:\/\/etab.ac-reunion.fr\/clg-12eme\/wp-content\/uploads\/sites\/6\/2026\/04\/VZOB5664.jpg 1599w\" sizes=\"auto, (max-width: 1024px) 100vw, 1024px\" \/><\/p>\n","protected":false},"excerpt":{"rendered":"<p>Le coll\u00e8ge accueille des \u201cpetits nids de lecture\u201d o\u00f9 nos \u00e9l\u00e8ves peuvent b\u00e9n\u00e9ficier de moments de calme et d\u2019\u00e9vasion \u00e0 travers la lecture. Ces espaces, con\u00e7us pour favoriser la d\u00e9tente et la d\u00e9couverte ont rapidement \u00e9t\u00e9 adopt\u00e9s par nos \u00e9l\u00e8ves qui y trouvent un refuge agr\u00e9able pour s\u2019\u00e9vader et d\u00e9velopper &hellip;<\/p>\n","protected":false},"author":33019,"featured_media":3964,"comment_status":"closed","ping_status":"closed","sticky":false,"template":"","format":"standard","meta":{"footnotes":"","_links_to":"","_links_to_target":""},"categories":[2,9],"tags":[],"class_list":["post-3958","post","type-post","status-publish","format-standard","has-post-thumbnail","hentry","category-informations-aux-familles","category-profs"],"_links":{"self":[{"href":"https:\/\/etab.ac-reunion.fr\/clg-12eme\/wp-json\/wp\/v2\/posts\/3958","targetHints":{"allow":["GET"]}}],"collection":[{"href":"https:\/\/etab.ac-reunion.fr\/clg-12eme\/wp-json\/wp\/v2\/posts"}],"about":[{"href":"https:\/\/etab.ac-reunion.fr\/clg-12eme\/wp-json\/wp\/v2\/types\/post"}],"author":[{"embeddable":true,"href":"https:\/\/etab.ac-reunion.fr\/clg-12eme\/wp-json\/wp\/v2\/users\/33019"}],"replies":[{"embeddable":true,"href":"https:\/\/etab.ac-reunion.fr\/clg-12eme\/wp-json\/wp\/v2\/comments?post=3958"}],"version-history":[{"count":4,"href":"https:\/\/etab.ac-reunion.fr\/clg-12eme\/wp-json\/wp\/v2\/posts\/3958\/revisions"}],"predecessor-version":[{"id":3967,"href":"https:\/\/etab.ac-reunion.fr\/clg-12eme\/wp-json\/wp\/v2\/posts\/3958\/revisions\/3967"}],"wp:featuredmedia":[{"embeddable":true,"href":"https:\/\/etab.ac-reunion.fr\/clg-12eme\/wp-json\/wp\/v2\/media\/3964"}],"wp:attachment":[{"href":"https:\/\/etab.ac-reunion.fr\/clg-12eme\/wp-json\/wp\/v2\/media?parent=3958"}],"wp:term":[{"taxonomy":"category","embeddable":true,"href":"https:\/\/etab.ac-reunion.fr\/clg-12eme\/wp-json\/wp\/v2\/categories?post=3958"},{"taxonomy":"post_tag","embeddable":true,"href":"https:\/\/etab.ac-reunion.fr\/clg-12eme\/wp-json\/wp\/v2\/tags?post=3958"}],"curies":[{"name":"wp","href":"https:\/\/api.w.org\/{rel}","templated":true}]}}