{"id":3979,"date":"2026-04-27T16:12:16","date_gmt":"2026-04-27T12:12:16","guid":{"rendered":"https:\/\/etab.ac-reunion.fr\/clg-12eme\/?p=3979"},"modified":"2026-04-27T16:24:56","modified_gmt":"2026-04-27T12:24:56","slug":"larbre-a-souhait","status":"publish","type":"post","link":"https:\/\/etab.ac-reunion.fr\/clg-12eme\/larbre-a-souhait\/","title":{"rendered":"L&rsquo;arbre \u00e0 souhaits"},"content":{"rendered":"<p style=\"text-align: center\"><span style=\"font-family: 'trebuchet ms', geneva, sans-serif;font-size: 20pt;color: #339966\">Nos classes du Coll\u00e8ge du 12\u00e8me ont investi l\u2019espace de la cour pour faire fleurir des pens\u00e9es positives sur <\/span><br \/>\n<span style=\"font-family: 'trebuchet ms', geneva, sans-serif;font-size: 20pt;color: #339966\">nos arbres \u00e0 souhaits. Cette belle initiative vise \u00e0 insuffler un esprit de joie, de bonheur, de tol\u00e9rance et <\/span><br \/>\n<span style=\"font-family: 'trebuchet ms', geneva, sans-serif;font-size: 20pt;color: #339966\">d\u2019entraide au sein de notre \u00e9tablissement.<\/span><\/p>\n<p style=\"text-align: center\"><span style=\"font-family: 'trebuchet ms', geneva, sans-serif;font-size: 20pt\"><span style=\"color: #ff6600\">Encadr\u00e9s par notre professeur d\u2019Arts plastiques, les \u00e9l\u00e8ves ont su cr\u00e9er un espace ludique et porteur de <\/span><\/span><br \/>\n<span style=\"font-family: 'trebuchet ms', geneva, sans-serif;font-size: 20pt;color: #ff6600\">valeurs, qui embellit notre environnement tout en v\u00e9hiculant des messages d\u2019espoir et de solidarit\u00e9.<\/span><br \/>\n<span style=\"font-family: 'trebuchet ms', geneva, sans-serif;font-size: 20pt;color: #ff6600\">F\u00e9licitations \u00e0 tous pour cette r\u00e9alisation exemplaire, qui contribue \u00e0 renforcer la coh\u00e9sion et la bienveillance <\/span><br \/>\n<span style=\"font-family: 'trebuchet ms', geneva, sans-serif;font-size: 20pt;color: #ff6600\">dans notre coll\u00e8ge.<\/span><\/p>\n<p>&nbsp;<\/p>\n<p><img loading=\"lazy\" decoding=\"async\" class=\"size-full wp-image-3980 aligncenter\" src=\"https:\/\/etab.ac-reunion.fr\/clg-12eme\/wp-content\/uploads\/sites\/6\/2026\/04\/arbre-a-souhait-1.jpg\" alt=\"\" width=\"2000\" height=\"1600\" srcset=\"https:\/\/etab.ac-reunion.fr\/clg-12eme\/wp-content\/uploads\/sites\/6\/2026\/04\/arbre-a-souhait-1.jpg 2000w, https:\/\/etab.ac-reunion.fr\/clg-12eme\/wp-content\/uploads\/sites\/6\/2026\/04\/arbre-a-souhait-1-300x240.jpg 300w, https:\/\/etab.ac-reunion.fr\/clg-12eme\/wp-content\/uploads\/sites\/6\/2026\/04\/arbre-a-souhait-1-1024x819.jpg 1024w, https:\/\/etab.ac-reunion.fr\/clg-12eme\/wp-content\/uploads\/sites\/6\/2026\/04\/arbre-a-souhait-1-768x614.jpg 768w, https:\/\/etab.ac-reunion.fr\/clg-12eme\/wp-content\/uploads\/sites\/6\/2026\/04\/arbre-a-souhait-1-1536x1229.jpg 1536w, https:\/\/etab.ac-reunion.fr\/clg-12eme\/wp-content\/uploads\/sites\/6\/2026\/04\/arbre-a-souhait-1-400x320.jpg 400w\" sizes=\"auto, (max-width: 2000px) 100vw, 2000px\" \/><\/p>\n","protected":false},"excerpt":{"rendered":"<p>Nos classes du Coll\u00e8ge du 12\u00e8me ont investi l\u2019espace de la cour pour faire fleurir des pens\u00e9es positives sur nos arbres \u00e0 souhaits. Cette belle initiative vise \u00e0 insuffler un esprit de joie, de bonheur, de tol\u00e9rance et d\u2019entraide au sein de notre \u00e9tablissement. Encadr\u00e9s par notre professeur d\u2019Arts plastiques, &hellip;<\/p>\n","protected":false},"author":33019,"featured_media":3980,"comment_status":"closed","ping_status":"closed","sticky":false,"template":"","format":"standard","meta":{"footnotes":"","_links_to":"","_links_to_target":""},"categories":[2,9],"tags":[],"class_list":["post-3979","post","type-post","status-publish","format-standard","has-post-thumbnail","hentry","category-informations-aux-familles","category-profs"],"_links":{"self":[{"href":"https:\/\/etab.ac-reunion.fr\/clg-12eme\/wp-json\/wp\/v2\/posts\/3979","targetHints":{"allow":["GET"]}}],"collection":[{"href":"https:\/\/etab.ac-reunion.fr\/clg-12eme\/wp-json\/wp\/v2\/posts"}],"about":[{"href":"https:\/\/etab.ac-reunion.fr\/clg-12eme\/wp-json\/wp\/v2\/types\/post"}],"author":[{"embeddable":true,"href":"https:\/\/etab.ac-reunion.fr\/clg-12eme\/wp-json\/wp\/v2\/users\/33019"}],"replies":[{"embeddable":true,"href":"https:\/\/etab.ac-reunion.fr\/clg-12eme\/wp-json\/wp\/v2\/comments?post=3979"}],"version-history":[{"count":5,"href":"https:\/\/etab.ac-reunion.fr\/clg-12eme\/wp-json\/wp\/v2\/posts\/3979\/revisions"}],"predecessor-version":[{"id":3985,"href":"https:\/\/etab.ac-reunion.fr\/clg-12eme\/wp-json\/wp\/v2\/posts\/3979\/revisions\/3985"}],"wp:featuredmedia":[{"embeddable":true,"href":"https:\/\/etab.ac-reunion.fr\/clg-12eme\/wp-json\/wp\/v2\/media\/3980"}],"wp:attachment":[{"href":"https:\/\/etab.ac-reunion.fr\/clg-12eme\/wp-json\/wp\/v2\/media?parent=3979"}],"wp:term":[{"taxonomy":"category","embeddable":true,"href":"https:\/\/etab.ac-reunion.fr\/clg-12eme\/wp-json\/wp\/v2\/categories?post=3979"},{"taxonomy":"post_tag","embeddable":true,"href":"https:\/\/etab.ac-reunion.fr\/clg-12eme\/wp-json\/wp\/v2\/tags?post=3979"}],"curies":[{"name":"wp","href":"https:\/\/api.w.org\/{rel}","templated":true}]}}