{"id":548,"date":"2014-04-11T08:09:26","date_gmt":"2014-04-11T04:09:26","guid":{"rendered":"http:\/\/college-12eme.ac-reunion.fr\/?p=548"},"modified":"2014-04-11T08:09:26","modified_gmt":"2014-04-11T04:09:26","slug":"groupe-externalise-de-lunite-denseignement-geue-de-limp-de-bel-air-et-limpro-de-trois-mares","status":"publish","type":"post","link":"https:\/\/etab.ac-reunion.fr\/clg-12eme\/groupe-externalise-de-lunite-denseignement-geue-de-limp-de-bel-air-et-limpro-de-trois-mares\/","title":{"rendered":"Groupe Externalis\u00e9 de l&rsquo;Unit\u00e9 d&rsquo;Enseignement (GEUE) de l&rsquo;IMP de Bel Air et l&rsquo;Impro de Trois Mares"},"content":{"rendered":"<p>Le Groupe Externalis\u00e9 de l&rsquo;Unit\u00e9 d&rsquo;Enseignement (GEUE) de l&rsquo;IMP de Bel Air et l&rsquo;Impro de Trois Mares a int\u00e9gr\u00e9 les locaux du coll\u00e8ge du 12\u00e8me le mercredi 9 avril 2014. Les onze enfants, encadr\u00e9s par une Educatrice et une Professeur des \u00e9coles se sont install\u00e9s dans les deux salles pr\u00e9vues. La journ\u00e9e de jeudi a \u00e9t\u00e9 consacr\u00e9e \u00e0 leur pr\u00e9sentation aux \u00e9l\u00e8ves du coll\u00e8ge, classe par classe.<\/p>\n<p>Ult\u00e9rieurement, des visites des coll\u00e9giens seront organis\u00e9es.<\/p>\n<p>Nous leur souhaitons un s\u00e9jour\u00a0 positif et fructueux.<\/p>\n<p>L\u2019\u00c9quipe de Direction<\/p>\n<p>&nbsp;<\/p>\n","protected":false},"excerpt":{"rendered":"<p>Le Groupe Externalis\u00e9 de l&rsquo;Unit\u00e9 d&rsquo;Enseignement (GEUE) de l&rsquo;IMP de Bel Air et l&rsquo;Impro de Trois Mares a int\u00e9gr\u00e9 les locaux du coll\u00e8ge du 12\u00e8me le mercredi 9 avril 2014. Les onze enfants, encadr\u00e9s par une Educatrice et une Professeur des \u00e9coles se sont install\u00e9s dans les deux salles pr\u00e9vues. &hellip;<\/p>\n","protected":false},"author":30,"featured_media":0,"comment_status":"closed","ping_status":"open","sticky":false,"template":"","format":"standard","meta":{"footnotes":"","_links_to":"","_links_to_target":""},"categories":[2,9],"tags":[],"class_list":["post-548","post","type-post","status-publish","format-standard","hentry","category-informations-aux-familles","category-profs"],"_links":{"self":[{"href":"https:\/\/etab.ac-reunion.fr\/clg-12eme\/wp-json\/wp\/v2\/posts\/548","targetHints":{"allow":["GET"]}}],"collection":[{"href":"https:\/\/etab.ac-reunion.fr\/clg-12eme\/wp-json\/wp\/v2\/posts"}],"about":[{"href":"https:\/\/etab.ac-reunion.fr\/clg-12eme\/wp-json\/wp\/v2\/types\/post"}],"author":[{"embeddable":true,"href":"https:\/\/etab.ac-reunion.fr\/clg-12eme\/wp-json\/wp\/v2\/users\/30"}],"replies":[{"embeddable":true,"href":"https:\/\/etab.ac-reunion.fr\/clg-12eme\/wp-json\/wp\/v2\/comments?post=548"}],"version-history":[{"count":1,"href":"https:\/\/etab.ac-reunion.fr\/clg-12eme\/wp-json\/wp\/v2\/posts\/548\/revisions"}],"predecessor-version":[{"id":549,"href":"https:\/\/etab.ac-reunion.fr\/clg-12eme\/wp-json\/wp\/v2\/posts\/548\/revisions\/549"}],"wp:attachment":[{"href":"https:\/\/etab.ac-reunion.fr\/clg-12eme\/wp-json\/wp\/v2\/media?parent=548"}],"wp:term":[{"taxonomy":"category","embeddable":true,"href":"https:\/\/etab.ac-reunion.fr\/clg-12eme\/wp-json\/wp\/v2\/categories?post=548"},{"taxonomy":"post_tag","embeddable":true,"href":"https:\/\/etab.ac-reunion.fr\/clg-12eme\/wp-json\/wp\/v2\/tags?post=548"}],"curies":[{"name":"wp","href":"https:\/\/api.w.org\/{rel}","templated":true}]}}