{"id":587,"date":"2014-05-02T12:15:02","date_gmt":"2014-05-02T08:15:02","guid":{"rendered":"http:\/\/college-12eme.ac-reunion.fr\/?p=587"},"modified":"2014-05-02T12:15:02","modified_gmt":"2014-05-02T08:15:02","slug":"modification-demploi-du-temps-du-lundi-5-avril-2014-classes-de-6a-et-6h","status":"publish","type":"post","link":"https:\/\/etab.ac-reunion.fr\/clg-12eme\/modification-demploi-du-temps-du-lundi-5-avril-2014-classes-de-6a-et-6h\/","title":{"rendered":"Modification d&#8217;emploi du temps du lundi 5 avril 2014 Classes de 6A et 6H"},"content":{"rendered":"<p>A l&rsquo;attention de Mesdames et Messieurs les Parents d&rsquo;El\u00e8ves<\/p>\n<p>En raison de la tenue du Conseil \u00e9coles-Coll\u00e8ge le lundi 5 mai 2014, des enseignants du coll\u00e8ge du 12\u00e8me sont absents. En cons\u00e9quence, les classes de 6\u00e8me A et 6\u00e8me H ont leurs emploi du temps modifi\u00e9 : les cours de 8h \u00e0 12h sont supprim\u00e9s. Le d\u00e9but des cours est report\u00e9 \u00e0 13h25. L&#8217;emploi du temps de l&rsquo;apr\u00e8s-midi est normal.<\/p>\n<p>Cordialement.<\/p>\n<p>Le Principal<\/p>\n<p>&nbsp;<\/p>\n<p>Coll\u00e8ge du 12\u00e8me<br \/>\n94 rue Georges Pompidou<br \/>\n97430 Le Tampon<\/p>\n<p>R\u00e9f. : NDS\/CC\/2014-36<br \/>\nObjet : Modification d\u2019Emploi du temps du lundi 5 mai 2014 pour les classes de 6A et 6H<\/p>\n<p>Mesdames et Messieurs les Parents d\u2019\u00e9l\u00e8ves sont inform\u00e9s de la modification d\u2019emploi du temps du lundi 5 mai 2014 pour les classes de 6A et 6H cons\u00e9cutive \u00e0 la r\u00e9union Ecole-Coll\u00e8ge, selon les modalit\u00e9s suivantes :<\/p>\n<p>6A : \u25baPas de cours de 8h \u00e0 12h<br \/>\n\u25baD\u00e9but des cours : 13h30<\/p>\n<p>6H : \u25baPas de cours de 8H \u00e0 12h<br \/>\n\u25baD\u00e9but des cours : 13h30<\/p>\n<p>Nous vous remercions de bien vouloir accuser r\u00e9ception en contresignant ce courrier qui sera v\u00e9rifi\u00e9 par Mme la Cpe.<\/p>\n<p>Recevez nos meilleures salutations.<br \/>\nAu Tampon, le 2 mai 2014<br \/>\nChristophe Courr\u00e9jou,<br \/>\nPrincipal<\/p>\n<p>&nbsp;<\/p>\n<p>&nbsp;<\/p>\n","protected":false},"excerpt":{"rendered":"<p>A l&rsquo;attention de Mesdames et Messieurs les Parents d&rsquo;El\u00e8ves En raison de la tenue du Conseil \u00e9coles-Coll\u00e8ge le lundi 5 mai 2014, des enseignants du coll\u00e8ge du 12\u00e8me sont absents. En cons\u00e9quence, les classes de 6\u00e8me A et 6\u00e8me H ont leurs emploi du temps modifi\u00e9 : les cours de &hellip;<\/p>\n","protected":false},"author":30,"featured_media":0,"comment_status":"closed","ping_status":"open","sticky":false,"template":"","format":"standard","meta":{"footnotes":"","_links_to":"","_links_to_target":""},"categories":[2,9],"tags":[],"class_list":["post-587","post","type-post","status-publish","format-standard","hentry","category-informations-aux-familles","category-profs"],"_links":{"self":[{"href":"https:\/\/etab.ac-reunion.fr\/clg-12eme\/wp-json\/wp\/v2\/posts\/587","targetHints":{"allow":["GET"]}}],"collection":[{"href":"https:\/\/etab.ac-reunion.fr\/clg-12eme\/wp-json\/wp\/v2\/posts"}],"about":[{"href":"https:\/\/etab.ac-reunion.fr\/clg-12eme\/wp-json\/wp\/v2\/types\/post"}],"author":[{"embeddable":true,"href":"https:\/\/etab.ac-reunion.fr\/clg-12eme\/wp-json\/wp\/v2\/users\/30"}],"replies":[{"embeddable":true,"href":"https:\/\/etab.ac-reunion.fr\/clg-12eme\/wp-json\/wp\/v2\/comments?post=587"}],"version-history":[{"count":1,"href":"https:\/\/etab.ac-reunion.fr\/clg-12eme\/wp-json\/wp\/v2\/posts\/587\/revisions"}],"predecessor-version":[{"id":588,"href":"https:\/\/etab.ac-reunion.fr\/clg-12eme\/wp-json\/wp\/v2\/posts\/587\/revisions\/588"}],"wp:attachment":[{"href":"https:\/\/etab.ac-reunion.fr\/clg-12eme\/wp-json\/wp\/v2\/media?parent=587"}],"wp:term":[{"taxonomy":"category","embeddable":true,"href":"https:\/\/etab.ac-reunion.fr\/clg-12eme\/wp-json\/wp\/v2\/categories?post=587"},{"taxonomy":"post_tag","embeddable":true,"href":"https:\/\/etab.ac-reunion.fr\/clg-12eme\/wp-json\/wp\/v2\/tags?post=587"}],"curies":[{"name":"wp","href":"https:\/\/api.w.org\/{rel}","templated":true}]}}