{"id":589,"date":"2014-05-06T16:24:22","date_gmt":"2014-05-06T12:24:22","guid":{"rendered":"http:\/\/college-12eme.ac-reunion.fr\/?p=589"},"modified":"2014-05-07T09:31:09","modified_gmt":"2014-05-07T05:31:09","slug":"correspondance-avec-le-floreal","status":"publish","type":"post","link":"https:\/\/etab.ac-reunion.fr\/clg-12eme\/correspondance-avec-le-floreal\/","title":{"rendered":"Correspondance avec le Flor\u00e9al"},"content":{"rendered":"<p>L&rsquo;\u00e9quipage du Flor\u00e9al a fait parvenir au coll\u00e8ge des documents que vous trouverez en ligne ci-dessous. Par ailleurs la correspondance \u00e9l\u00e8ves-marins a d\u00e9but\u00e9. Les \u00e9changes seront publi\u00e9s au fur et \u00e0 mesure de leur transmission.<\/p>\n<p>CCourr\u00e9jou<\/p>\n<p>&nbsp;<\/p>\n<p>Mesdames et Messieurs les professeurs et les correspondants du Flor\u00e9al,<\/p>\n<p>Un grand merci \u00e0 tous ceux qui ont d\u00e9j\u00e0 initi\u00e9 des \u00e9changes avec leur marin correspondant. Ceux-ci en ont \u00e9t\u00e9 tr\u00e8s heureux et s&rsquo;attellent d\u00e9j\u00e0 \u00e0 la r\u00e9ponse.<br \/>\nN&rsquo;h\u00e9sitez pas \u00e0 leur transmettre des lettres manuscrites scann\u00e9es et n&rsquo;ayez pas peur des fautes d&rsquo;orthographe. Je dirais m\u00eame qu&rsquo;on contraire, le marin loin de sa famille et de ses proches, per\u00e7oit comme une belle surprise cette correspondance et aime bien percevoir la trace de la jeunesse dans ce courrier !<\/p>\n<p>Avec votre autorisation, je compte \u00e9galement placer les plus belles lettres \u00e0 l&rsquo;affichage en coursive principale afin que l&rsquo;ensemble des marins puissent avoir conscience de ce parrainage. J&rsquo;esp\u00e8re qu&rsquo;ainsi la relation entre le Flor\u00e9al et le coll\u00e8ge du 12\u00e8me prendra peu \u00e0 peu r\u00e9ellement corps. (Merci de pr\u00e9ciser lors de l&rsquo;envoi si vous pr\u00e9f\u00e9rez que la lettre reste destin\u00e9e au correspondant uniquement).<\/p>\n<p>Enfin, vous trouverez ci-jointes quelques br\u00e8ves de presse ainsi qu&rsquo;une version en anglais.<\/p>\n<p>Bien cordialement,<br \/>\nCR1 Gauthier MOULLART de TORCY<br \/>\nCommissaire de la fr\u00e9gate de surveillance \u00ab\u00a0Flor\u00e9al\u00a0\u00bb<br \/>\n<a href=\"https:\/\/etab.ac-reunion.fr\/clg-12eme\/wp-content\/uploads\/sites\/6\/2014\/05\/20140505-INTRAMAR-Atalante-Le-Flor\u00e9al-proc\u00e8de-\u00e0-une-\u00e9vacuation-m\u00e9dicale-au-large-de-la-Somalie.pdf\">20140505 &#8211; INTRAMAR &#8211; Atalante &#8211; Le Flor\u00e9al proc\u00e8de \u00e0 une \u00e9vacuation m\u00e9dicale au large de la Somalie<\/a> <a href=\"https:\/\/etab.ac-reunion.fr\/clg-12eme\/wp-content\/uploads\/sites\/6\/2014\/05\/20140505-navaltoday.com-FS-Loreal-Provides-Medical-Assistance-to-Crewmemberof-Containter-Ship.pdf\">20140505 &#8211; navaltoday.com &#8211; FS Loreal Provides Medical Assistance to Crewmemberof Containter Ship<\/a> <a href=\"https:\/\/etab.ac-reunion.fr\/clg-12eme\/wp-content\/uploads\/sites\/6\/2014\/05\/20140506-INTRAMAR-Atalante-formation-des-garde-c\u00f4tes-seychellois.pdf\">20140506 &#8211; INTRAMAR &#8211; Atalante &#8211; formation des garde-c\u00f4tes seychellois<\/a><\/p>\n<p><a href=\"https:\/\/etab.ac-reunion.fr\/clg-12eme\/wp-content\/uploads\/sites\/6\/2014\/05\/20140423-INTRAMAR-La-fr\u00e9gate-de-surveillance-Flor\u00e9al-a-rejoint-l_op\u00e9ration-Atalante.pdf\">20140423 &#8211; INTRAMAR &#8211; La fr\u00e9gate de surveillance Flor\u00e9al a rejoint l_op\u00e9ration Atalante<\/a> <a href=\"https:\/\/etab.ac-reunion.fr\/clg-12eme\/wp-content\/uploads\/sites\/6\/2014\/05\/20140429-EUNAVFOR-eu-naval-force-warship-fs-floreal-assists-stricken-seychelles-fishermen-at-sea.pdf\">20140429 &#8211; EUNAVFOR &#8211; eu-naval-force-warship-fs-floreal-assists-stricken-seychelles-fishermen-at-sea<\/a> <a href=\"https:\/\/etab.ac-reunion.fr\/clg-12eme\/wp-content\/uploads\/sites\/6\/2014\/05\/20140429-EUNAVFOR-eu-naval-force-warship-fs-floreal-conducts-local-maritime-capacity-building-with-seychelles-coastguard.pdf\">20140429 &#8211; EUNAVFOR &#8211; eu-naval-force-warship-fs-floreal-conducts-local-maritime-capacity-building-with-seychelles-coastguard<\/a> <a href=\"https:\/\/etab.ac-reunion.fr\/clg-12eme\/wp-content\/uploads\/sites\/6\/2014\/05\/20140429-navaltoday.com-eu-navfor-warship-assists-four-fishermen.pdf\">20140429 &#8211; navaltoday.com &#8211; eu-navfor-warship-assists-four-fishermen<\/a> <a href=\"https:\/\/etab.ac-reunion.fr\/clg-12eme\/wp-content\/uploads\/sites\/6\/2014\/05\/20140429-SEYCHELLES-NEWS-AGENCY-French-warship-assists-Seychellois-fishingboat-with-engine-failure.pdf\">20140429 &#8211; SEYCHELLES NEWS AGENCY &#8211; French warship assists Seychellois fishingboat with engine failure<\/a> <a href=\"https:\/\/etab.ac-reunion.fr\/clg-12eme\/wp-content\/uploads\/sites\/6\/2014\/05\/20140430-marsecreview.com-EUNAVFOR_Assists_Stricken_Fishermen.pdf\">20140430 &#8211; marsecreview.com &#8211; EUNAVFOR_Assists_Stricken_Fishermen<\/a> <a href=\"https:\/\/etab.ac-reunion.fr\/clg-12eme\/wp-content\/uploads\/sites\/6\/2014\/05\/Le-Ti-Flo-pirate-Flor\u00e9al-ATALANTE-2014-n\u00b01.pdf\">Le Ti Flo pirate &#8211; Flor\u00e9al ATALANTE 2014 &#8211; n\u00b01<\/a> <a href=\"https:\/\/etab.ac-reunion.fr\/clg-12eme\/wp-content\/uploads\/sites\/6\/2014\/05\/Les-\u00e9l\u00e8ves-de-la-sixi\u00e8me-E.doc\">Les \u00e9l\u00e8ves de la sixi\u00e8me E<\/a><\/p>\n<p>&nbsp;<\/p>\n","protected":false},"excerpt":{"rendered":"<p>L&rsquo;\u00e9quipage du Flor\u00e9al a fait parvenir au coll\u00e8ge des documents que vous trouverez en ligne ci-dessous. Par ailleurs la correspondance \u00e9l\u00e8ves-marins a d\u00e9but\u00e9. Les \u00e9changes seront publi\u00e9s au fur et \u00e0 mesure de leur transmission. CCourr\u00e9jou &nbsp; Mesdames et Messieurs les professeurs et les correspondants du Flor\u00e9al, Un grand merci &hellip;<\/p>\n","protected":false},"author":30,"featured_media":0,"comment_status":"closed","ping_status":"open","sticky":false,"template":"","format":"standard","meta":{"footnotes":"","_links_to":"","_links_to_target":""},"categories":[2,9],"tags":[],"class_list":["post-589","post","type-post","status-publish","format-standard","hentry","category-informations-aux-familles","category-profs"],"_links":{"self":[{"href":"https:\/\/etab.ac-reunion.fr\/clg-12eme\/wp-json\/wp\/v2\/posts\/589","targetHints":{"allow":["GET"]}}],"collection":[{"href":"https:\/\/etab.ac-reunion.fr\/clg-12eme\/wp-json\/wp\/v2\/posts"}],"about":[{"href":"https:\/\/etab.ac-reunion.fr\/clg-12eme\/wp-json\/wp\/v2\/types\/post"}],"author":[{"embeddable":true,"href":"https:\/\/etab.ac-reunion.fr\/clg-12eme\/wp-json\/wp\/v2\/users\/30"}],"replies":[{"embeddable":true,"href":"https:\/\/etab.ac-reunion.fr\/clg-12eme\/wp-json\/wp\/v2\/comments?post=589"}],"version-history":[{"count":3,"href":"https:\/\/etab.ac-reunion.fr\/clg-12eme\/wp-json\/wp\/v2\/posts\/589\/revisions"}],"predecessor-version":[{"id":603,"href":"https:\/\/etab.ac-reunion.fr\/clg-12eme\/wp-json\/wp\/v2\/posts\/589\/revisions\/603"}],"wp:attachment":[{"href":"https:\/\/etab.ac-reunion.fr\/clg-12eme\/wp-json\/wp\/v2\/media?parent=589"}],"wp:term":[{"taxonomy":"category","embeddable":true,"href":"https:\/\/etab.ac-reunion.fr\/clg-12eme\/wp-json\/wp\/v2\/categories?post=589"},{"taxonomy":"post_tag","embeddable":true,"href":"https:\/\/etab.ac-reunion.fr\/clg-12eme\/wp-json\/wp\/v2\/tags?post=589"}],"curies":[{"name":"wp","href":"https:\/\/api.w.org\/{rel}","templated":true}]}}