{"id":605,"date":"2014-05-26T12:29:54","date_gmt":"2014-05-26T08:29:54","guid":{"rendered":"http:\/\/college-12eme.ac-reunion.fr\/?p=605"},"modified":"2014-05-26T12:29:54","modified_gmt":"2014-05-26T08:29:54","slug":"fermeture-du-college-du-12eme-pour-coupure-deau-le-lundi-26-mai-2014-a-13h30","status":"publish","type":"post","link":"https:\/\/etab.ac-reunion.fr\/clg-12eme\/fermeture-du-college-du-12eme-pour-coupure-deau-le-lundi-26-mai-2014-a-13h30\/","title":{"rendered":"Fermeture du coll\u00e8ge du 12\u00e8me pour coupure d&rsquo;eau le lundi 26 mai 2014 \u00e0 13h30"},"content":{"rendered":"<p>Mesdames et Messieurs les Parents d&rsquo;\u00e9l\u00e8ves sont avis\u00e9s de la d\u00e9cision de fermeture du coll\u00e8ge du 12\u00e8me, lundi 26 mai 20414 \u00e0 13h30, du fait d&rsquo;une coupure d&rsquo;eau et en raison des conditions d&rsquo;hygi\u00e8ne.<\/p>\n<p>Un repas peut n\u00e9anmoins \u00eatre servi malgr\u00e9 le besoin en eau des fours de la 1\/2 pension.<\/p>\n<p>A 13h30, les \u00e9l\u00e8ves seront \u00e9vacu\u00e9s suivant le principe d&rsquo;\u00e9vacuation cyclonique : en BUS, SEULS ou par la FAMILLE (qui devra signer \u00e0 la Vie scolaire). Un SMS dans ce sens a \u00e9t\u00e9 envoy\u00e9 \u00e0 tous les parents.<\/p>\n","protected":false},"excerpt":{"rendered":"<p>Mesdames et Messieurs les Parents d&rsquo;\u00e9l\u00e8ves sont avis\u00e9s de la d\u00e9cision de fermeture du coll\u00e8ge du 12\u00e8me, lundi 26 mai 20414 \u00e0 13h30, du fait d&rsquo;une coupure d&rsquo;eau et en raison des conditions d&rsquo;hygi\u00e8ne. Un repas peut n\u00e9anmoins \u00eatre servi malgr\u00e9 le besoin en eau des fours de la 1\/2 &hellip;<\/p>\n","protected":false},"author":30,"featured_media":0,"comment_status":"closed","ping_status":"open","sticky":false,"template":"","format":"standard","meta":{"footnotes":"","_links_to":"","_links_to_target":""},"categories":[2,9],"tags":[],"class_list":["post-605","post","type-post","status-publish","format-standard","hentry","category-informations-aux-familles","category-profs"],"_links":{"self":[{"href":"https:\/\/etab.ac-reunion.fr\/clg-12eme\/wp-json\/wp\/v2\/posts\/605","targetHints":{"allow":["GET"]}}],"collection":[{"href":"https:\/\/etab.ac-reunion.fr\/clg-12eme\/wp-json\/wp\/v2\/posts"}],"about":[{"href":"https:\/\/etab.ac-reunion.fr\/clg-12eme\/wp-json\/wp\/v2\/types\/post"}],"author":[{"embeddable":true,"href":"https:\/\/etab.ac-reunion.fr\/clg-12eme\/wp-json\/wp\/v2\/users\/30"}],"replies":[{"embeddable":true,"href":"https:\/\/etab.ac-reunion.fr\/clg-12eme\/wp-json\/wp\/v2\/comments?post=605"}],"version-history":[{"count":1,"href":"https:\/\/etab.ac-reunion.fr\/clg-12eme\/wp-json\/wp\/v2\/posts\/605\/revisions"}],"predecessor-version":[{"id":606,"href":"https:\/\/etab.ac-reunion.fr\/clg-12eme\/wp-json\/wp\/v2\/posts\/605\/revisions\/606"}],"wp:attachment":[{"href":"https:\/\/etab.ac-reunion.fr\/clg-12eme\/wp-json\/wp\/v2\/media?parent=605"}],"wp:term":[{"taxonomy":"category","embeddable":true,"href":"https:\/\/etab.ac-reunion.fr\/clg-12eme\/wp-json\/wp\/v2\/categories?post=605"},{"taxonomy":"post_tag","embeddable":true,"href":"https:\/\/etab.ac-reunion.fr\/clg-12eme\/wp-json\/wp\/v2\/tags?post=605"}],"curies":[{"name":"wp","href":"https:\/\/api.w.org\/{rel}","templated":true}]}}