{"id":623,"date":"2014-06-06T14:47:28","date_gmt":"2014-06-06T10:47:28","guid":{"rendered":"http:\/\/college-12eme.ac-reunion.fr\/?p=623"},"modified":"2014-06-06T15:12:18","modified_gmt":"2014-06-06T11:12:18","slug":"semaine-environnement-au-college-du-12eme","status":"publish","type":"post","link":"https:\/\/etab.ac-reunion.fr\/clg-12eme\/semaine-environnement-au-college-du-12eme\/","title":{"rendered":"Semaine \u00ab\u00a0Environnement\u00a0\u00bb au coll\u00e8ge du 12\u00e8me"},"content":{"rendered":"<p>Coll\u00e8ge du 12\u00e8me<br \/>\n94 rue Georges Pompidou<br \/>\n97430 Le Tampon<\/p>\n<p>R\u00e9f. : NDS\/CC\/2014-38<br \/>\nObjet : Sortie Environnement de la semaine du 2 au 6 juin 2014<\/p>\n<p>Mesdames et Messieurs les Parents d\u2019\u00e9l\u00e8ves sont inform\u00e9s de la sortie scolaire \u00e0 Notre Dame de la Paix programm\u00e9e dans la semaine du 2 au 6 juin 2014. Cette action associe deux objectifs : l\u2019observation de milieux naturels pr\u00e9vue aux programmes de SVT de 6\u00e8me et un Projet \u00e9ducatif environnemental financ\u00e9 par le Conseil G\u00e9n\u00e9ral (PEC) de connaissance et pr\u00e9servation des milieux naturels. L\u2019encadrement est assur\u00e9 par les personnels du coll\u00e8ge et peut \u00eatre compl\u00e9t\u00e9 par des parents volontaires.<br \/>\nSortie Notre Dame de la Paix du 2 au 6 juin 2014<br \/>\nProjet Passeport Educatif Coll\u00e9gien<br \/>\nLundi 2 juin 2014<\/p>\n<p>6A D\u00e9part 8h<br \/>\n6B D\u00e9part 10h<br \/>\nMardi 3 juin 2014<\/p>\n<p>6C D\u00e9part 8h<br \/>\n6D D\u00e9part 10h<br \/>\nJeudi 5 juin 2014<\/p>\n<p>6G D\u00e9part 8h<br \/>\n6H D\u00e9part 10h<br \/>\nVendredi 6 juin 2014<\/p>\n<p>6E D\u00e9part 8h<br \/>\n6F D\u00e9part 10h<\/p>\n<p>\u25cfM. Pierson, professeur de SVT a con\u00e7u deux documents : le premier, \u00e0 vis\u00e9e p\u00e9dagogique est remis directement \u00e0 votre enfant ; le second vous est destin\u00e9. Nous vous remercions de le consulter attentivement avant la sortie.<\/p>\n<p>\u25cfVotre autorisation est requise pour la participation de votre enfant \u00e0 cette sortie. Elle sera r\u00e9cup\u00e9r\u00e9e par la vie scolaire lundi 26 mai 2014<\/p>\n<p>\u25cfLes parents peuvent par ailleurs se porter volontaires pour encadrer une sortie. Dans le cas o\u00f9 la demande serait valid\u00e9e, vous seriez destinataire de la note pr\u00e9vue pour l\u2019encadrement.<\/p>\n<p>Recevez nos meilleures salutations.<br \/>\nAu Tampon, le vendredi 23 mai 2014<br \/>\nChristophe Courr\u00e9jou,<br \/>\nPrincipal<\/p>\n<p>&#8212;&#8212;&#8212;&#8212;&#8212;&#8212;&#8212;&#8212;&#8212;&#8212;&#8212;&#8212;&#8212;&#8212;&#8212;&#8212;&#8212;&#8212;&#8212;&#8212;&#8212;&#8212;&#8212;&#8212;&#8212;&#8212;&#8212;&#8212;&#8212;&#8212;&#8212;&#8212;&#8212;&#8212;&#8212;&#8212;&#8212;&#8212;&#8212;&#8212;&#8212;&#8212;&#8212;&#8212;&#8212;&#8212;&#8212;&#8212;&#8212;&#8212;&#8212;&#8212;-<br \/>\nAUTORISATION PARENTALE \u00e0 rapporter pour lundi 26 mai 20104 (1)<\/p>\n<p>Je (nous) soussign\u00e9(e-s)&#8230;&#8230;&#8230;&#8230;&#8230;&#8230;&#8230;&#8230;&#8230;&#8230;&#8230;&#8230;&#8230;&#8230;&#8230;&#8230;&#8230;&#8230;&#8230;&#8230;&#8230;&#8230;&#8230;&#8230;&#8230;&#8230;..\u2026\u2026\u2026\u2026\u2026\u2026\u2026\u2026\u2026\u2026\u2026\u2026\u2026..\u2026\u2026.<br \/>\nnom du (des) responsable(s) l\u00e9gal(aux)<\/p>\n<p>\u25a1 AUTORISE mon fils, ma fille &#8230;&#8230;&#8230;&#8230;&#8230;&#8230;&#8230;&#8230;&#8230;&#8230;&#8230;&#8230;&#8230;&#8230;&#8230;&#8230;&#8230;&#8230;&#8230;&#8230;&#8230;&#8230;&#8230;&#8230;. \u00c9l\u00e8ve de la classe de&#8230;&#8230;&#8230;&#8230;..<br \/>\nCocher et entourer nom et pr\u00e9nom de l&rsquo;enfant<\/p>\n<p>\u25a1 N\u2019AUTORISE PAS<br \/>\nCocher et entourer<\/p>\n<p>A participer \u00e0 la sortie Environnement du \u2026\u2026\u2026\u2026\u2026\u2026\u2026\u2026\u2026\u2026\u2026\u2026\u2026\u2026\u2026\u2026\u2026\u2026\u2026\u2026\u2026\u2026\u2026\u2026\u2026\u2026\u2026.\u2026\u2026\u2026<br \/>\nJour de la sortie (par exemple : lundi 2 juin 2014)<br \/>\nA\u2026\u2026\u2026\u2026\u2026\u2026\u2026..le&#8230;&#8230;&#8230;&#8230;&#8230;&#8230;&#8230;&#8230;..<\/p>\n<p>&nbsp;<\/p>\n<p>Nom, date et Signature du (des) responsable(s) l\u00e9gal (aux)<\/p>\n<p>&#8212;&#8212;&#8212;&#8212;&#8212;&#8212;&#8212;&#8212;&#8212;&#8212;&#8212;&#8212;&#8212;&#8212;&#8212;&#8212;&#8212;&#8212;&#8212;&#8212;&#8212;&#8212;&#8212;&#8212;&#8212;&#8212;&#8212;&#8212;&#8212;&#8212;&#8212;&#8212;&#8212;&#8212;&#8212;&#8212;&#8212;&#8212;&#8212;&#8212;&#8212;&#8212;&#8212;&#8212;&#8212;&#8212;&#8212;&#8212;&#8212;&#8212;&#8212;&#8212;-<br \/>\nDEMANDE DE PARTICIPATION A L\u2019ENCADREMENT DES ELEVES<\/p>\n<p>Je soussign\u00e9(e)&#8230;&#8230;&#8230;&#8230;&#8230;&#8230;&#8230;&#8230;&#8230;&#8230;&#8230;&#8230;&#8230;&#8230;&#8230;&#8230;&#8230;&#8230;&#8230;&#8230;&#8230;&#8230;&#8230;&#8230;&#8230;&#8230;..\u2026\u2026\u2026\u2026\u2026\u2026\u2026\u2026\u2026\u2026\u2026\u2026\u2026\u2026\u2026\u2026\u2026\u2026\u2026.\u2026\u2026.<br \/>\nnom<\/p>\n<p>Parent de l\u2019\u00c9l\u00e8ve\u2026\u2026\u2026\u2026\u2026\u2026\u2026\u2026\u2026\u2026\u2026\u2026\u2026\u2026\u2026\u2026\u2026\u2026\u2026\u2026\u2026\u2026..de la classe de&#8230;&#8230;&#8230;&#8230;&#8230;&#8230;&#8230;&#8230;&#8230;&#8230;&#8230;&#8230;&#8230;&#8230;&#8230;&#8230;&#8230;&#8230;<br \/>\nnom et pr\u00e9nom de l&rsquo;enfant<\/p>\n<p>souhaite participer \u00e0 l\u2019ENCADREMENT des \u00e9l\u00e8ves de la sortie Environnement du \u2026\u2026\u2026\u2026\u2026\u2026\u2026\u2026\u2026\u2026\u2026\u2026\u2026\u2026\u2026<br \/>\nJour de la sortie (par exemple : lundi 2 juin 2014) et heure (8h ou 10h)<\/p>\n<p>Je prends bonne note que je serai dans ce cadre plac\u00e9 sous statut d\u2019accompagnant b\u00e9n\u00e9vole temporaire, soumis aux r\u00e8gles de la Fonction publique d\u2019enseignement concernant la neutralit\u00e9 et les responsabilit\u00e9s des Agents de l\u2019Etat.<\/p>\n<p>A\u2026\u2026\u2026\u2026\u2026\u2026\u2026..le&#8230;&#8230;&#8230;&#8230;&#8230;&#8230;&#8230;&#8230;..<\/p>\n<p>Nom : Signature :<\/p>\n<p>(1) A rapporter pour lundi 26 mai 20104. La Vie scolaire passera r\u00e9cup\u00e9rer les autorisations et les participations \u00e0 l\u2019encadrement dans les cours des \u00e9l\u00e8ves<\/p>\n","protected":false},"excerpt":{"rendered":"<p>Mesdames et Messieurs les Parents d\u2019\u00e9l\u00e8ves sont inform\u00e9s de la sortie scolaire \u00e0 Notre Dame de la Paix &#8230;<\/p>\n","protected":false},"author":30,"featured_media":0,"comment_status":"closed","ping_status":"open","sticky":false,"template":"","format":"standard","meta":{"footnotes":"","_links_to":"","_links_to_target":""},"categories":[2,9],"tags":[],"class_list":["post-623","post","type-post","status-publish","format-standard","hentry","category-informations-aux-familles","category-profs"],"_links":{"self":[{"href":"https:\/\/etab.ac-reunion.fr\/clg-12eme\/wp-json\/wp\/v2\/posts\/623","targetHints":{"allow":["GET"]}}],"collection":[{"href":"https:\/\/etab.ac-reunion.fr\/clg-12eme\/wp-json\/wp\/v2\/posts"}],"about":[{"href":"https:\/\/etab.ac-reunion.fr\/clg-12eme\/wp-json\/wp\/v2\/types\/post"}],"author":[{"embeddable":true,"href":"https:\/\/etab.ac-reunion.fr\/clg-12eme\/wp-json\/wp\/v2\/users\/30"}],"replies":[{"embeddable":true,"href":"https:\/\/etab.ac-reunion.fr\/clg-12eme\/wp-json\/wp\/v2\/comments?post=623"}],"version-history":[{"count":5,"href":"https:\/\/etab.ac-reunion.fr\/clg-12eme\/wp-json\/wp\/v2\/posts\/623\/revisions"}],"predecessor-version":[{"id":629,"href":"https:\/\/etab.ac-reunion.fr\/clg-12eme\/wp-json\/wp\/v2\/posts\/623\/revisions\/629"}],"wp:attachment":[{"href":"https:\/\/etab.ac-reunion.fr\/clg-12eme\/wp-json\/wp\/v2\/media?parent=623"}],"wp:term":[{"taxonomy":"category","embeddable":true,"href":"https:\/\/etab.ac-reunion.fr\/clg-12eme\/wp-json\/wp\/v2\/categories?post=623"},{"taxonomy":"post_tag","embeddable":true,"href":"https:\/\/etab.ac-reunion.fr\/clg-12eme\/wp-json\/wp\/v2\/tags?post=623"}],"curies":[{"name":"wp","href":"https:\/\/api.w.org\/{rel}","templated":true}]}}