{"id":680,"date":"2014-08-29T14:30:34","date_gmt":"2014-08-29T10:30:34","guid":{"rendered":"http:\/\/college-12eme.ac-reunion.fr\/?p=680"},"modified":"2014-08-29T14:30:34","modified_gmt":"2014-08-29T10:30:34","slug":"reunion-dinformation-statutaire","status":"publish","type":"post","link":"https:\/\/etab.ac-reunion.fr\/clg-12eme\/reunion-dinformation-statutaire\/","title":{"rendered":"R\u00e9union d&rsquo;information statutaire"},"content":{"rendered":"<p>COLLEGE du 12\u00e8me Tampon, le 29 ao\u00fbt 2014<br \/>\n94 rue Georges Pompidou<br \/>\n97430 Le Tampon<br \/>\n\uf0c9 02 62 34 57 80 \uf0ca 02 62 32 85 29<br \/>\nR\u00e9f : NDS2014-59<\/p>\n<p>A l\u2019attention de Mesdames et Messieurs les Parents d\u2019\u00e9l\u00e8ves<\/p>\n<p>Objet : R\u00e9union d\u2019information du vendredi 5 septembre 2014<br \/>\nMesdames et Messieurs les Parents d\u2019\u00e9l\u00e8ves du coll\u00e8ge du 12\u00e8me sont invit\u00e9s :<\/p>\n<p>Vendredi 5 septembre 2014 \u00e0 16h45, en salle de permanence<\/p>\n<p>\u00e0 la r\u00e9union d\u2019information sur les \u00e9lections au Conseil d\u2019administration. Des F\u00e9d\u00e9rations de parents d\u2019\u00e9l\u00e8ves seront pr\u00e9sentes pour r\u00e9pondre \u00e0 vos questions et solliciter des candidatures.<br \/>\nVeuillez recevoir l\u2019expression de nos meilleures salutations.<br \/>\nLe Principal<br \/>\nChristophe Courr\u00e9jou<\/p>\n","protected":false},"excerpt":{"rendered":"<p>COLLEGE du 12\u00e8me Tampon, le 29 ao\u00fbt 2014 94 rue Georges Pompidou 97430 Le Tampon \uf0c9 02 62 34 57 80 \uf0ca 02 62 32 85 29 R\u00e9f : NDS2014-59 A l\u2019attention de Mesdames et Messieurs les Parents d\u2019\u00e9l\u00e8ves Objet : R\u00e9union d\u2019information du vendredi 5 septembre 2014 Mesdames et &hellip;<\/p>\n","protected":false},"author":30,"featured_media":0,"comment_status":"closed","ping_status":"closed","sticky":false,"template":"","format":"standard","meta":{"footnotes":"","_links_to":"","_links_to_target":""},"categories":[2,9],"tags":[],"class_list":["post-680","post","type-post","status-publish","format-standard","hentry","category-informations-aux-familles","category-profs"],"_links":{"self":[{"href":"https:\/\/etab.ac-reunion.fr\/clg-12eme\/wp-json\/wp\/v2\/posts\/680","targetHints":{"allow":["GET"]}}],"collection":[{"href":"https:\/\/etab.ac-reunion.fr\/clg-12eme\/wp-json\/wp\/v2\/posts"}],"about":[{"href":"https:\/\/etab.ac-reunion.fr\/clg-12eme\/wp-json\/wp\/v2\/types\/post"}],"author":[{"embeddable":true,"href":"https:\/\/etab.ac-reunion.fr\/clg-12eme\/wp-json\/wp\/v2\/users\/30"}],"replies":[{"embeddable":true,"href":"https:\/\/etab.ac-reunion.fr\/clg-12eme\/wp-json\/wp\/v2\/comments?post=680"}],"version-history":[{"count":2,"href":"https:\/\/etab.ac-reunion.fr\/clg-12eme\/wp-json\/wp\/v2\/posts\/680\/revisions"}],"predecessor-version":[{"id":699,"href":"https:\/\/etab.ac-reunion.fr\/clg-12eme\/wp-json\/wp\/v2\/posts\/680\/revisions\/699"}],"wp:attachment":[{"href":"https:\/\/etab.ac-reunion.fr\/clg-12eme\/wp-json\/wp\/v2\/media?parent=680"}],"wp:term":[{"taxonomy":"category","embeddable":true,"href":"https:\/\/etab.ac-reunion.fr\/clg-12eme\/wp-json\/wp\/v2\/categories?post=680"},{"taxonomy":"post_tag","embeddable":true,"href":"https:\/\/etab.ac-reunion.fr\/clg-12eme\/wp-json\/wp\/v2\/tags?post=680"}],"curies":[{"name":"wp","href":"https:\/\/api.w.org\/{rel}","templated":true}]}}