{"id":715,"date":"2014-09-08T14:58:03","date_gmt":"2014-09-08T10:58:03","guid":{"rendered":"http:\/\/college-12eme.ac-reunion.fr\/?p=715"},"modified":"2019-03-07T19:12:53","modified_gmt":"2019-03-07T15:12:53","slug":"fermeture-de-linfirmerie-du-college-du-12eme-le-vendredi-12-septembre-2014","status":"publish","type":"post","link":"https:\/\/etab.ac-reunion.fr\/clg-12eme\/fermeture-de-linfirmerie-du-college-du-12eme-le-vendredi-12-septembre-2014\/","title":{"rendered":"Fermeture de l&rsquo;infirmerie du coll\u00e8ge du 12\u00e8me le vendredi 12 septembre 2014"},"content":{"rendered":"<p>Mesdames et Messieurs le Parents d&rsquo;\u00e9l\u00e8ves sont inform\u00e9s de l&rsquo;absence pour formation de Mme l&rsquo;infirmi\u00e8re du coll\u00e8ge du 12\u00e8me le vendredi 12 septembre 2014<\/p>\n","protected":false},"excerpt":{"rendered":"<p>Mesdames et Messieurs le Parents d&rsquo;\u00e9l\u00e8ves sont inform\u00e9s de l&rsquo;absence pour formation de Mme l&rsquo;infirmi\u00e8re du coll\u00e8ge du 12\u00e8me le vendredi 12 septembre 2014<\/p>\n","protected":false},"author":30,"featured_media":0,"comment_status":"closed","ping_status":"closed","sticky":false,"template":"","format":"standard","meta":{"footnotes":"","_links_to":"","_links_to_target":""},"categories":[2,9],"tags":[],"class_list":["post-715","post","type-post","status-publish","format-standard","hentry","category-informations-aux-familles","category-profs"],"_links":{"self":[{"href":"https:\/\/etab.ac-reunion.fr\/clg-12eme\/wp-json\/wp\/v2\/posts\/715","targetHints":{"allow":["GET"]}}],"collection":[{"href":"https:\/\/etab.ac-reunion.fr\/clg-12eme\/wp-json\/wp\/v2\/posts"}],"about":[{"href":"https:\/\/etab.ac-reunion.fr\/clg-12eme\/wp-json\/wp\/v2\/types\/post"}],"author":[{"embeddable":true,"href":"https:\/\/etab.ac-reunion.fr\/clg-12eme\/wp-json\/wp\/v2\/users\/30"}],"replies":[{"embeddable":true,"href":"https:\/\/etab.ac-reunion.fr\/clg-12eme\/wp-json\/wp\/v2\/comments?post=715"}],"version-history":[{"count":1,"href":"https:\/\/etab.ac-reunion.fr\/clg-12eme\/wp-json\/wp\/v2\/posts\/715\/revisions"}],"predecessor-version":[{"id":716,"href":"https:\/\/etab.ac-reunion.fr\/clg-12eme\/wp-json\/wp\/v2\/posts\/715\/revisions\/716"}],"wp:attachment":[{"href":"https:\/\/etab.ac-reunion.fr\/clg-12eme\/wp-json\/wp\/v2\/media?parent=715"}],"wp:term":[{"taxonomy":"category","embeddable":true,"href":"https:\/\/etab.ac-reunion.fr\/clg-12eme\/wp-json\/wp\/v2\/categories?post=715"},{"taxonomy":"post_tag","embeddable":true,"href":"https:\/\/etab.ac-reunion.fr\/clg-12eme\/wp-json\/wp\/v2\/tags?post=715"}],"curies":[{"name":"wp","href":"https:\/\/api.w.org\/{rel}","templated":true}]}}