{"id":736,"date":"2014-09-22T08:47:22","date_gmt":"2014-09-22T04:47:22","guid":{"rendered":"http:\/\/college-12eme.ac-reunion.fr\/?p=736"},"modified":"2014-09-22T08:47:22","modified_gmt":"2014-09-22T04:47:22","slug":"absence-du-personnel-de-sante-les-23-et-29-septembre-2014","status":"publish","type":"post","link":"https:\/\/etab.ac-reunion.fr\/clg-12eme\/absence-du-personnel-de-sante-les-23-et-29-septembre-2014\/","title":{"rendered":"Absence du personnel de sant\u00e9 les 23 et 29 septembre 2014"},"content":{"rendered":"<p>Mme Pr\u00e9audeau sera absente le mardi 23 et\u00a0 le lundi 29 septembre pour formation.<\/p>\n<p>&#8212;<br \/>\nVal\u00e9rie PREAUDEAU , Infirmi\u00e8re<br \/>\nColl\u00e8ge du 12\u00e8me<br \/>\n94, Rue Georges Pompidou<br \/>\n97430 Le Tampon<br \/>\nT\u00e9l\u00e9phone: 02 62 34 57 93<\/p>\n","protected":false},"excerpt":{"rendered":"<p>Mme Pr\u00e9audeau sera absente le mardi 23 et\u00a0 le lundi 29 septembre pour formation. &#8212; Val\u00e9rie PREAUDEAU , Infirmi\u00e8re Coll\u00e8ge du 12\u00e8me 94, Rue Georges Pompidou 97430 Le Tampon T\u00e9l\u00e9phone: 02 62 34 57 93<\/p>\n","protected":false},"author":30,"featured_media":0,"comment_status":"closed","ping_status":"closed","sticky":false,"template":"","format":"standard","meta":{"footnotes":"","_links_to":"","_links_to_target":""},"categories":[2,9],"tags":[],"class_list":["post-736","post","type-post","status-publish","format-standard","hentry","category-informations-aux-familles","category-profs"],"_links":{"self":[{"href":"https:\/\/etab.ac-reunion.fr\/clg-12eme\/wp-json\/wp\/v2\/posts\/736","targetHints":{"allow":["GET"]}}],"collection":[{"href":"https:\/\/etab.ac-reunion.fr\/clg-12eme\/wp-json\/wp\/v2\/posts"}],"about":[{"href":"https:\/\/etab.ac-reunion.fr\/clg-12eme\/wp-json\/wp\/v2\/types\/post"}],"author":[{"embeddable":true,"href":"https:\/\/etab.ac-reunion.fr\/clg-12eme\/wp-json\/wp\/v2\/users\/30"}],"replies":[{"embeddable":true,"href":"https:\/\/etab.ac-reunion.fr\/clg-12eme\/wp-json\/wp\/v2\/comments?post=736"}],"version-history":[{"count":1,"href":"https:\/\/etab.ac-reunion.fr\/clg-12eme\/wp-json\/wp\/v2\/posts\/736\/revisions"}],"predecessor-version":[{"id":737,"href":"https:\/\/etab.ac-reunion.fr\/clg-12eme\/wp-json\/wp\/v2\/posts\/736\/revisions\/737"}],"wp:attachment":[{"href":"https:\/\/etab.ac-reunion.fr\/clg-12eme\/wp-json\/wp\/v2\/media?parent=736"}],"wp:term":[{"taxonomy":"category","embeddable":true,"href":"https:\/\/etab.ac-reunion.fr\/clg-12eme\/wp-json\/wp\/v2\/categories?post=736"},{"taxonomy":"post_tag","embeddable":true,"href":"https:\/\/etab.ac-reunion.fr\/clg-12eme\/wp-json\/wp\/v2\/tags?post=736"}],"curies":[{"name":"wp","href":"https:\/\/api.w.org\/{rel}","templated":true}]}}