{"id":784,"date":"2015-03-03T08:21:17","date_gmt":"2015-03-03T04:21:17","guid":{"rendered":"http:\/\/college-12eme.ac-reunion.fr\/?p=784"},"modified":"2019-03-07T19:11:52","modified_gmt":"2019-03-07T15:11:52","slug":"comite-deducation-a-la-sante-et-a-la-citoyennete-bien-vivre-ensemble","status":"publish","type":"post","link":"https:\/\/etab.ac-reunion.fr\/clg-12eme\/comite-deducation-a-la-sante-et-a-la-citoyennete-bien-vivre-ensemble\/","title":{"rendered":"Comit\u00e9 d&rsquo;\u00e9ducation \u00e0 la sant\u00e9 et \u00e0 la citoyennet\u00e9 : Bien vivre ensemble"},"content":{"rendered":"<p>Coll\u00e8ge du 12 \u00e8me Km V. Pr\u00e9audeau , M Laurence Le 17 f\u00e9vrier 2015<br \/>\nANNEXE 1 Proposition d\u2019action dans le cadre des actions CESC<br \/>\n\u00ab Bien vivre ensemble \u00bb<br \/>\nPr\u00e9ambule :<br \/>\n\u00ab Le vivre ensemble \u00bb ou renforcer les comp\u00e9tences psychosociales des coll\u00e9giens, s\u2019int\u00e8gre parfaitement dans le socle commun de connaissances et des comp\u00e9tences (6- les comp\u00e9tences sociales et civiques \/ 7- L\u2019autonomie et l\u2019initiative)<br \/>\nD\u00e9finition des comp\u00e9tences psychosociales selon l\u2019 OMS : \u00ab ce sont les capacit\u00e9s d\u2019une personne \u00e0 r\u00e9pondre avec efficacit\u00e9 aux exigences et aux \u00e9preuves de la vie quotidienne. C\u2019est l\u2019aptitude d\u2019une personne \u00e0 maintenir un \u00e9tat de bien \u00eatre mental, en adoptant un comportement appropri\u00e9 et positif \u00e0 l\u2019occasion des relations entretenues avec les autres, sa propre culture et son environnement \u00bb<br \/>\nObjectifs de l\u2019action:<br \/>\nApprendre aux \u00e9l\u00e8ves \u00e0 :<br \/>\n&#8211; renforcer le groupe classe<br \/>\n&#8211; bien vivre et communiquer dans le respect de l\u2019autre<br \/>\n-connaitre et maitriser leurs \u00e9motions<br \/>\n-augmenter l\u2019estime de soi<br \/>\nPublic cibl\u00e9 : classes de 6\u00e8me identifi\u00e9es avec la CPE comme prioritaires (6B,6C,6 E,6F,6G) ; travail d\u00e9j\u00e0 en cours avec la classe de 6D (Mme Payet\/Mme Pr\u00e9audeau)<br \/>\nPrincipe des ateliers<\/p>\n<p>A raison d&rsquo;1H par semaine, par classe, ou toutes les 2 semaines, ateliers anim\u00e9s au minimum par 2 adultes ( infirmi\u00e8re + assistante sociale) sur un temps de classe ou de permanence.<br \/>\nD\u00e9but des ateliers avant les vacances de mars . Jour et heure de l&rsquo;atelier variables d\u2019une semaine \u00e0 l\u2019autre. Calendrier pr\u00e9visionnel \u00e9tabli au d\u00e9part . Projet de 6 s\u00e9ances par classe.<br \/>\nLieu de l\u2019activit\u00e9 : de pr\u00e9f\u00e9rence en dehors d\u2019une salle de classe. Cour de r\u00e9cr\u00e9ation, CDI\u2026\u2026<\/p>\n<p>D\u00e9roulement des ateliers<br \/>\n&#8211; accueil du groupe avec rem\u00e9moration de la s\u00e9ance pr\u00e9c\u00e9dente et pr\u00e9sentation de celle du jour<br \/>\n&#8211; mise en place de l&rsquo;atelier sous forme de jeu, sayn\u00e8te, mime, d\u00e9bat, histoires&#8230;.<br \/>\n&#8211; cl\u00f4ture avec \u00e9valuation rapide et ludique sous diff\u00e9rentes formes de la s\u00e9ance<\/p>\n<p>Outils utilis\u00e9s:<br \/>\n&#8211; Le cartable des Comp\u00e9tences Psychosociales<br \/>\n&#8211; \u00ab Pistes de vie \u00bb<br \/>\nPr\u00e9sentation du projet<\/p>\n<p>Aux parents par le biais du site, aux enseignants par affichage<br \/>\nAux \u00e9l\u00e8ves au cours de la premi\u00e8re s\u00e9ance.<br \/>\nBilan<\/p>\n<p>A faire avec les diff\u00e9rents animateurs et les enseignants de la classe en cours d\u2019ann\u00e9e et en fin d\u2019ann\u00e9e.<br \/>\n\u00c0 faire avec les \u00e9l\u00e8ves \u00e0 la fin de l&rsquo;ann\u00e9e<\/p>\n<p>&nbsp;<\/p>\n<p>PLANNING DES INTERVENTIONS<br \/>\n1ere s\u00e9ance : semaine du 2 mars au 6 mars 2015<br \/>\nCLASSE DATE HORAIRE MATIERE<br \/>\n6e B Mercredi 4 mars 8h00 \u00e0 9h00 Anglais, madame DIJOUX<br \/>\n6e C Mercredi 4 mars 10h00 \u00e0 11h00 Histoire, madame CHEN<br \/>\n6e E Jeudi 5 mars 09h00 \u00e0 10h00 Math\u00e9matiques, monsieur FONTAINE<br \/>\n6e F Jeudi 5 mars 14h30 \u00e0 15h30 ATP, monsieur RABOUR<br \/>\n6e G Jeudi 5 mars 8h00 \u00e0 9h00 EPS, monsieur ROULET<\/p>\n<p>2e s\u00e9ance : semaine du 9 mars au 13 mars 2015<br \/>\nCLASSE DATE HORAIRE MATIERE<br \/>\n6e B Jeudi 12 mars 11h00 \u00e0 12h00 ATP, monsieur VERLIAT<br \/>\n6e C Mardi 10 mars 15h30 \u00e0 16h30 Espagnol, monsieur ETHEVE<br \/>\n6e E Mercredi 11 mars 09h00 \u00e0 10h00 Technologie,monsieur FERRERE<br \/>\n6e F Mardi 10 mars 13h30 \u00e0 14h30 Fran\u00e7ais, madame RABITA<br \/>\n6e G Mercredi 11 mars 08h00 \u00e0 09h00 Fran\u00e7ais, madame BARRET<\/p>\n<p>3e s\u00e9ance : semaine du 23 mars au 3 avril 2015<br \/>\nCLASSE DATE HORAIRE MATIERE<br \/>\n6e B Jeudi 26 mars 14h30 \u00e0 15h30 Fran\u00e7ais, madame HOARAU<br \/>\n6e C Mardi 31 mars 14h30 \u00e0 15h30 Technologie, monsieur CHAFFRE<br \/>\n6e E Jeudi 26 mars 11h00 \u00e0 12h00 permanence<br \/>\n6e F Jeudi 2 avril 8h00 \u00e0 9h00 Fran\u00e7ais, madame RABITA<br \/>\n6e G Mardi 31 mars 13h30 \u00e0 14h30 Fran\u00e7ais, madame BARRET<\/p>\n<p>4e s\u00e9ance : semaines du 7 avril au 17 avril 2015<br \/>\nCLASSE DATE HORAIRE MATIERE<br \/>\n6e B Jeudi 9 avril 11h00 \u00e0 12h00 ATP, monsieur VERLIAT<br \/>\n6e C Mercredi 8 avril 08h00 \u00e0 09h00 SVT, monsieur PIERSON<br \/>\n6e E Mardi 14 avril 13h30 \u00e0 14h30 Musique, monsieur ATIDE<br \/>\n6e F Vendredi 17 avril 14h30 \u00e0 15h30 permanence<br \/>\n6e G Jeudi 09 avril 10h00 \u00e0 11h00 Math\u00e9matiques, monsieur HOUSSEN<\/p>\n<p>5e s\u00e9ance : semaines du 27 avril au 7 mai 2015<br \/>\nCLASSE DATE HORAIRE MATIERE<br \/>\n6e B Jeudi 30 avril 08h00 \u00e0 09h00 monsieur RABOUR<br \/>\n6e C Jeudi 30 avril 14h30 \u00e0 15h30 ATP, madame PAYET<br \/>\n6e E Jeudi 7 mai 11h00 \u00e0 12h00 permanence<br \/>\n6e F Jeudi 7 mai 09h00 \u00e0 10h00 Math\u00e9matiques, monsieur HOUSSEN<br \/>\n6e G Mardi 28 avril 15h30 \u00e0 16h30 permanence<\/p>\n<p>6e s\u00e9ance : semaines du 18 mai au 29 mai 2015<br \/>\nCLASSE DATE HORAIRE MATIERE<br \/>\n6e B Jeudi 21 mai 10h00 \u00e0 11h00 ATP, madame HOARAU<br \/>\n6e C Mardi 26 mai 14h30 \u00e0 15h30 permanence<br \/>\n6e E Jeudi 28 mai 11h00 \u00e0 12h00 permanence<br \/>\n6e F Jeudi 28 mai 14h30 \u00e0 15h30 ATP, monsieur RABOUR<br \/>\n6e G Jeudi 21 mai 11h00 \u00e0 12h00 Anglais, madame MAILLARD<\/p>\n<p>&nbsp;<\/p>\n","protected":false},"excerpt":{"rendered":"<p>Coll\u00e8ge du 12 \u00e8me Km V. Pr\u00e9audeau , M Laurence Le 17 f\u00e9vrier 2015 ANNEXE 1 Proposition d\u2019action dans le cadre des actions CESC \u00ab Bien vivre ensemble \u00bb Pr\u00e9ambule : \u00ab Le vivre ensemble \u00bb ou renforcer les comp\u00e9tences psychosociales des coll\u00e9giens, s\u2019int\u00e8gre parfaitement dans le socle commun de &hellip;<\/p>\n","protected":false},"author":30,"featured_media":0,"comment_status":"closed","ping_status":"closed","sticky":false,"template":"","format":"standard","meta":{"footnotes":"","_links_to":"","_links_to_target":""},"categories":[2,9],"tags":[],"class_list":["post-784","post","type-post","status-publish","format-standard","hentry","category-informations-aux-familles","category-profs"],"_links":{"self":[{"href":"https:\/\/etab.ac-reunion.fr\/clg-12eme\/wp-json\/wp\/v2\/posts\/784","targetHints":{"allow":["GET"]}}],"collection":[{"href":"https:\/\/etab.ac-reunion.fr\/clg-12eme\/wp-json\/wp\/v2\/posts"}],"about":[{"href":"https:\/\/etab.ac-reunion.fr\/clg-12eme\/wp-json\/wp\/v2\/types\/post"}],"author":[{"embeddable":true,"href":"https:\/\/etab.ac-reunion.fr\/clg-12eme\/wp-json\/wp\/v2\/users\/30"}],"replies":[{"embeddable":true,"href":"https:\/\/etab.ac-reunion.fr\/clg-12eme\/wp-json\/wp\/v2\/comments?post=784"}],"version-history":[{"count":3,"href":"https:\/\/etab.ac-reunion.fr\/clg-12eme\/wp-json\/wp\/v2\/posts\/784\/revisions"}],"predecessor-version":[{"id":787,"href":"https:\/\/etab.ac-reunion.fr\/clg-12eme\/wp-json\/wp\/v2\/posts\/784\/revisions\/787"}],"wp:attachment":[{"href":"https:\/\/etab.ac-reunion.fr\/clg-12eme\/wp-json\/wp\/v2\/media?parent=784"}],"wp:term":[{"taxonomy":"category","embeddable":true,"href":"https:\/\/etab.ac-reunion.fr\/clg-12eme\/wp-json\/wp\/v2\/categories?post=784"},{"taxonomy":"post_tag","embeddable":true,"href":"https:\/\/etab.ac-reunion.fr\/clg-12eme\/wp-json\/wp\/v2\/tags?post=784"}],"curies":[{"name":"wp","href":"https:\/\/api.w.org\/{rel}","templated":true}]}}