{"id":792,"date":"2015-03-06T16:14:32","date_gmt":"2015-03-06T12:14:32","guid":{"rendered":"http:\/\/college-12eme.ac-reunion.fr\/?p=792"},"modified":"2015-03-11T09:42:29","modified_gmt":"2015-03-11T05:42:29","slug":"conseils-de-classe-du-2eme-trimestre-2014-2015","status":"publish","type":"post","link":"https:\/\/etab.ac-reunion.fr\/clg-12eme\/conseils-de-classe-du-2eme-trimestre-2014-2015\/","title":{"rendered":"Conseils de classe du 2\u00e8me trimestre 2014-2015"},"content":{"rendered":"<p>Il est port\u00e9 \u00e0 la connaissance de Mesdames et Messieurs les parents d&rsquo;\u00e9l\u00e8ves la modification concernant les 6F et 6G. Par ailleurs, merci de noter que seuls les Parents D\u00e9l\u00e9gu\u00e9s accr\u00e9dit\u00e9s par les Associations et l\u2019Etablissement peuvent \u00eatre autoris\u00e9s \u00e0 assister aux Conseils de classe, dans la limite de 2 membres.<\/p>\n<p>Cordialement<\/p>\n<p>Le Principal<\/p>\n<p>&nbsp;<\/p>\n<p><strong>Conseils de classe du 2\u00e8me trimestre 2014-15<\/strong><br \/>\n<strong>Heure\u00a0\u00a0\u00a0\u00a0 Lundi 30 mars 2015\u00a0\u00a0\u00a0<\/strong><br \/>\n16h35 \u00a0 \u00a0 5B M. Junger\u00a0\u00a0\u00a0\u00a0 6C Mme Chen<br \/>\n17h40\u00a0\u00a0\u00a0\u00a0 5H Mme Piton<br \/>\n<strong>Heure\u00a0\u00a0\u00a0\u00a0 Mardi 31 mars 2015<\/strong><br \/>\n16h35 \u00a0 \u00a0\u00a0 5C Mme Baret\u00a0\u00a0 6B Mme Dijoux C.<br \/>\n17h40\u00a0\u00a0\u00a0\u00a0\u00a0\u00a0\u00a0\u00a0\u00a0\u00a0\u00a0\u00a0\u00a0\u00a0\u00a0\u00a0\u00a0\u00a0\u00a0\u00a0\u00a0\u00a0\u00a0\u00a0\u00a0\u00a0\u00a0\u00a0\u00a0\u00a0\u00a0\u00a0\u00a0\u00a0 <strong>6F M. Pierson<\/strong><br \/>\n18h45<\/p>\n<p>&nbsp;<\/p>\n<p><strong>Heure Jeudi 2 avril 2015<\/strong><br \/>\n16h35 \u00a0 \u00a0 5F M. Prince \u00a0 \u00a0\u00a0\u00a0\u00a0 6D Mme Payet M.<br \/>\n17h40\u00a0\u00a0\u00a0 5D M. Houssen\u00a0 \u00a0 6A M. Rabour<br \/>\n18h45\u00a0\u00a0\u00a0 5A Mme Robert<\/p>\n<p>&nbsp;<\/p>\n<p><strong>Heure Vendredi 3 avril 2015<\/strong><br \/>\n16h35 \u00a0 \u00a0 5G Mme Hoarau\u00a0\u00a0\u00a0 6E M. Fontaine<br \/>\n17h40\u00a0\u00a0\u00a0 5E M. Chaffre\u00a0\u00a0\u00a0\u00a0\u00a0\u00a0\u00a0\u00a0\u00a0 <strong>6G M. Roulet<\/strong><\/p>\n<p>&nbsp;<\/p>\n","protected":false},"excerpt":{"rendered":"<p>Il est port\u00e9 \u00e0 la connaissance de Mesdames et Messieurs les parents d&rsquo;\u00e9l\u00e8ves la modification concernant les 6F et 6G. Par ailleurs, merci de noter que seuls les Parents D\u00e9l\u00e9gu\u00e9s accr\u00e9dit\u00e9s par les Associations et l\u2019Etablissement peuvent \u00eatre autoris\u00e9s \u00e0 assister aux Conseils de classe, dans la limite de 2 &hellip;<\/p>\n","protected":false},"author":30,"featured_media":0,"comment_status":"closed","ping_status":"closed","sticky":false,"template":"","format":"standard","meta":{"footnotes":"","_links_to":"","_links_to_target":""},"categories":[2,9],"tags":[],"class_list":["post-792","post","type-post","status-publish","format-standard","hentry","category-informations-aux-familles","category-profs"],"_links":{"self":[{"href":"https:\/\/etab.ac-reunion.fr\/clg-12eme\/wp-json\/wp\/v2\/posts\/792","targetHints":{"allow":["GET"]}}],"collection":[{"href":"https:\/\/etab.ac-reunion.fr\/clg-12eme\/wp-json\/wp\/v2\/posts"}],"about":[{"href":"https:\/\/etab.ac-reunion.fr\/clg-12eme\/wp-json\/wp\/v2\/types\/post"}],"author":[{"embeddable":true,"href":"https:\/\/etab.ac-reunion.fr\/clg-12eme\/wp-json\/wp\/v2\/users\/30"}],"replies":[{"embeddable":true,"href":"https:\/\/etab.ac-reunion.fr\/clg-12eme\/wp-json\/wp\/v2\/comments?post=792"}],"version-history":[{"count":5,"href":"https:\/\/etab.ac-reunion.fr\/clg-12eme\/wp-json\/wp\/v2\/posts\/792\/revisions"}],"predecessor-version":[{"id":803,"href":"https:\/\/etab.ac-reunion.fr\/clg-12eme\/wp-json\/wp\/v2\/posts\/792\/revisions\/803"}],"wp:attachment":[{"href":"https:\/\/etab.ac-reunion.fr\/clg-12eme\/wp-json\/wp\/v2\/media?parent=792"}],"wp:term":[{"taxonomy":"category","embeddable":true,"href":"https:\/\/etab.ac-reunion.fr\/clg-12eme\/wp-json\/wp\/v2\/categories?post=792"},{"taxonomy":"post_tag","embeddable":true,"href":"https:\/\/etab.ac-reunion.fr\/clg-12eme\/wp-json\/wp\/v2\/tags?post=792"}],"curies":[{"name":"wp","href":"https:\/\/api.w.org\/{rel}","templated":true}]}}