{"id":795,"date":"2015-03-09T14:00:07","date_gmt":"2015-03-09T10:00:07","guid":{"rendered":"http:\/\/college-12eme.ac-reunion.fr\/?p=795"},"modified":"2015-03-09T14:00:07","modified_gmt":"2015-03-09T10:00:07","slug":"evacuation-fortes-pluies-du-lundi-9-mars-2015","status":"publish","type":"post","link":"https:\/\/etab.ac-reunion.fr\/clg-12eme\/evacuation-fortes-pluies-du-lundi-9-mars-2015\/","title":{"rendered":"\u00c9vacuation \u00ab\u00a0fortes pluies\u00a0\u00bb du lundi 9 mars 2015"},"content":{"rendered":"<p>En raison des fortes pluies constat\u00e9es, avec les risques inh\u00e9rents aux radiers, en raison \u00e9galement de la coupure d&rsquo;eau du fait des conditions climatiques, la d\u00e9cision de proc\u00e9der \u00e0 l\u2019\u00e9vacuation du\u00a0 coll\u00e8ge du 12\u00e8me a \u00e9t\u00e9 prise et effectu\u00e9e ce jour \u00e0 10h selon le protocole rappel\u00e9 ci-dessous.<\/p>\n<p>Cordialement.<\/p>\n<p>Christophe Courr\u00e9jou<\/p>\n<p>Principal<\/p>\n<p>&nbsp;<\/p>\n<p>\u00ab\u00a0En cas d&rsquo;exercice d\u2019\u00e9vacuation cyclonique, l\u2019attention des parents est particuli\u00e8rement attir\u00e9e sur la modification des modalit\u00e9s de sortie : les enfants autoris\u00e9s \u00e0 partir SEULS rentreront \u00e0 pied\u00a0 ; ceux en BUS seront achemin\u00e9s en bus ; ceux qui doivent \u00eatre r\u00e9cup\u00e9r\u00e9s par les FAMILLES seront gard\u00e9s en salle de permanence.<\/p>\n<p>Je vous remercie de noter que les autorisations de sorties habituelles n\u2019ont plus cours pour cet exercice : par exemple, si votre enfant n\u2019est pas autoris\u00e9 habituellement \u00e0 sortir \u00e0 la fin des cours et si vous avez indiqu\u00e9 qu\u2019il \u00e9tait autoris\u00e9 \u00e0 partir SEUL (voir au dos du carnet) <strong>en cas d\u2019alerte cyclonique ou fortes pluie<\/strong>, c\u2019est cette derni\u00e8re autorisation qui sera appliqu\u00e9e.<\/p>\n<p>Enfin, merci de noter que dans ce cas il n\u2019y aura pas de bus \u00e0 15h30 et 16h30, que le parking parents a un nombre de places limit\u00e9 et qu\u2019il est imp\u00e9ratif que les bus ne soient pas bloqu\u00e9s par des arr\u00eats intempestifs.<br \/>\nRecevez nos salutations les meilleures.<\/p>\n<p>Le Principal<br \/>\nChristophe Courr\u00e9jou\u00a0\u00bb<\/p>\n","protected":false},"excerpt":{"rendered":"<p>En raison des fortes pluies constat\u00e9es, avec les risques inh\u00e9rents aux radiers, en raison \u00e9galement de la coupure d&rsquo;eau du fait des conditions climatiques, la d\u00e9cision de proc\u00e9der \u00e0 l\u2019\u00e9vacuation du\u00a0 coll\u00e8ge du 12\u00e8me a \u00e9t\u00e9 prise et effectu\u00e9e ce jour \u00e0 10h selon le protocole rappel\u00e9 ci-dessous. Cordialement. Christophe &hellip;<\/p>\n","protected":false},"author":30,"featured_media":0,"comment_status":"closed","ping_status":"closed","sticky":false,"template":"","format":"standard","meta":{"footnotes":"","_links_to":"","_links_to_target":""},"categories":[2,9],"tags":[],"class_list":["post-795","post","type-post","status-publish","format-standard","hentry","category-informations-aux-familles","category-profs"],"_links":{"self":[{"href":"https:\/\/etab.ac-reunion.fr\/clg-12eme\/wp-json\/wp\/v2\/posts\/795","targetHints":{"allow":["GET"]}}],"collection":[{"href":"https:\/\/etab.ac-reunion.fr\/clg-12eme\/wp-json\/wp\/v2\/posts"}],"about":[{"href":"https:\/\/etab.ac-reunion.fr\/clg-12eme\/wp-json\/wp\/v2\/types\/post"}],"author":[{"embeddable":true,"href":"https:\/\/etab.ac-reunion.fr\/clg-12eme\/wp-json\/wp\/v2\/users\/30"}],"replies":[{"embeddable":true,"href":"https:\/\/etab.ac-reunion.fr\/clg-12eme\/wp-json\/wp\/v2\/comments?post=795"}],"version-history":[{"count":1,"href":"https:\/\/etab.ac-reunion.fr\/clg-12eme\/wp-json\/wp\/v2\/posts\/795\/revisions"}],"predecessor-version":[{"id":796,"href":"https:\/\/etab.ac-reunion.fr\/clg-12eme\/wp-json\/wp\/v2\/posts\/795\/revisions\/796"}],"wp:attachment":[{"href":"https:\/\/etab.ac-reunion.fr\/clg-12eme\/wp-json\/wp\/v2\/media?parent=795"}],"wp:term":[{"taxonomy":"category","embeddable":true,"href":"https:\/\/etab.ac-reunion.fr\/clg-12eme\/wp-json\/wp\/v2\/categories?post=795"},{"taxonomy":"post_tag","embeddable":true,"href":"https:\/\/etab.ac-reunion.fr\/clg-12eme\/wp-json\/wp\/v2\/tags?post=795"}],"curies":[{"name":"wp","href":"https:\/\/api.w.org\/{rel}","templated":true}]}}