{"id":797,"date":"2015-03-10T09:22:24","date_gmt":"2015-03-10T05:22:24","guid":{"rendered":"http:\/\/college-12eme.ac-reunion.fr\/?p=797"},"modified":"2015-03-10T09:24:42","modified_gmt":"2015-03-10T05:24:42","slug":"situation-au-college-du-12eme-en-raison-de-la-coupure-deau-du-10-mars-2015","status":"publish","type":"post","link":"https:\/\/etab.ac-reunion.fr\/clg-12eme\/situation-au-college-du-12eme-en-raison-de-la-coupure-deau-du-10-mars-2015\/","title":{"rendered":"Situation au coll\u00e8ge du 12\u00e8me en raison de la coupure d&rsquo;eau du 10 mars 2015"},"content":{"rendered":"<p>Mesdames et Messieurs les Parents d&rsquo;\u00e9l\u00e8ves sont inform\u00e9s qu&rsquo;il a \u00e9t\u00e9 d\u00e9cid\u00e9 de maintenir un repas adapt\u00e9 \u00e0 la 1\/2 pension ce jour. Dans le cas ou l&rsquo;eau ne serait pas r\u00e9tablie \u00e0 13h, une \u00e9vacuation pour motif sanitaire serait organis\u00e9e. N\u00e9anmoins il est permis d&rsquo;esp\u00e9rer que la situation reviendra \u00e0 la normale rapidement.<\/p>\n<p>En cas d&rsquo;\u00e9vacuation, les familles seraient avis\u00e9es par les moyens habituels, sms\u00a0 ou appels.<\/p>\n<p>Le Principal<\/p>\n","protected":false},"excerpt":{"rendered":"<p>Mesdames et Messieurs les Parents d&rsquo;\u00e9l\u00e8ves sont inform\u00e9s qu&rsquo;il a \u00e9t\u00e9 d\u00e9cid\u00e9 de maintenir un repas adapt\u00e9 \u00e0 la 1\/2 pension ce jour. Dans le cas ou l&rsquo;eau ne serait pas r\u00e9tablie \u00e0 13h, une \u00e9vacuation pour motif sanitaire serait organis\u00e9e. N\u00e9anmoins il est permis d&rsquo;esp\u00e9rer que la situation reviendra &hellip;<\/p>\n","protected":false},"author":30,"featured_media":0,"comment_status":"closed","ping_status":"closed","sticky":false,"template":"","format":"standard","meta":{"footnotes":"","_links_to":"","_links_to_target":""},"categories":[2,9],"tags":[],"class_list":["post-797","post","type-post","status-publish","format-standard","hentry","category-informations-aux-familles","category-profs"],"_links":{"self":[{"href":"https:\/\/etab.ac-reunion.fr\/clg-12eme\/wp-json\/wp\/v2\/posts\/797","targetHints":{"allow":["GET"]}}],"collection":[{"href":"https:\/\/etab.ac-reunion.fr\/clg-12eme\/wp-json\/wp\/v2\/posts"}],"about":[{"href":"https:\/\/etab.ac-reunion.fr\/clg-12eme\/wp-json\/wp\/v2\/types\/post"}],"author":[{"embeddable":true,"href":"https:\/\/etab.ac-reunion.fr\/clg-12eme\/wp-json\/wp\/v2\/users\/30"}],"replies":[{"embeddable":true,"href":"https:\/\/etab.ac-reunion.fr\/clg-12eme\/wp-json\/wp\/v2\/comments?post=797"}],"version-history":[{"count":3,"href":"https:\/\/etab.ac-reunion.fr\/clg-12eme\/wp-json\/wp\/v2\/posts\/797\/revisions"}],"predecessor-version":[{"id":800,"href":"https:\/\/etab.ac-reunion.fr\/clg-12eme\/wp-json\/wp\/v2\/posts\/797\/revisions\/800"}],"wp:attachment":[{"href":"https:\/\/etab.ac-reunion.fr\/clg-12eme\/wp-json\/wp\/v2\/media?parent=797"}],"wp:term":[{"taxonomy":"category","embeddable":true,"href":"https:\/\/etab.ac-reunion.fr\/clg-12eme\/wp-json\/wp\/v2\/categories?post=797"},{"taxonomy":"post_tag","embeddable":true,"href":"https:\/\/etab.ac-reunion.fr\/clg-12eme\/wp-json\/wp\/v2\/tags?post=797"}],"curies":[{"name":"wp","href":"https:\/\/api.w.org\/{rel}","templated":true}]}}