{"id":822,"date":"2015-04-15T10:38:53","date_gmt":"2015-04-15T06:38:53","guid":{"rendered":"http:\/\/college-12eme.ac-reunion.fr\/?p=822"},"modified":"2015-04-15T10:38:53","modified_gmt":"2015-04-15T06:38:53","slug":"annulation-de-la-competition-benjamin-basket-du-mercredi-15-avril-2015","status":"publish","type":"post","link":"https:\/\/etab.ac-reunion.fr\/clg-12eme\/annulation-de-la-competition-benjamin-basket-du-mercredi-15-avril-2015\/","title":{"rendered":"Annulation de la comp\u00e9tition Benjamin basket du mercredi 15 avril 2015"},"content":{"rendered":"<p>Le d\u00e9placement pr\u00e9vu des benjamins gar\u00e7ons de l&rsquo;\u00e9quipe de basket du mercredi 15 avril 2015 a \u00e9t\u00e9 annul\u00e9 ce jour en raison de la d\u00e9fection des transports pr\u00e9vus par l&rsquo;UNSS.<\/p>\n<p>Les familles ont \u00e9t\u00e9 inform\u00e9es t\u00e9l\u00e9phoniquement de cet incident regrettable et de ses incidences sur l&#8217;emploi du temps des \u00e9l\u00e8ves qui seront lib\u00e9r\u00e9s \u00e0 12h05.<\/p>\n<p>Le Principal<\/p>\n","protected":false},"excerpt":{"rendered":"<p>Le d\u00e9placement pr\u00e9vu des benjamins gar\u00e7ons de l&rsquo;\u00e9quipe de basket du mercredi 15 avril 2015 a \u00e9t\u00e9 annul\u00e9 ce jour en raison de la d\u00e9fection des transports pr\u00e9vus par l&rsquo;UNSS. Les familles ont \u00e9t\u00e9 inform\u00e9es t\u00e9l\u00e9phoniquement de cet incident regrettable et de ses incidences sur l&#8217;emploi du temps des \u00e9l\u00e8ves &hellip;<\/p>\n","protected":false},"author":30,"featured_media":0,"comment_status":"closed","ping_status":"closed","sticky":false,"template":"","format":"standard","meta":{"footnotes":"","_links_to":"","_links_to_target":""},"categories":[2,9],"tags":[],"class_list":["post-822","post","type-post","status-publish","format-standard","hentry","category-informations-aux-familles","category-profs"],"_links":{"self":[{"href":"https:\/\/etab.ac-reunion.fr\/clg-12eme\/wp-json\/wp\/v2\/posts\/822","targetHints":{"allow":["GET"]}}],"collection":[{"href":"https:\/\/etab.ac-reunion.fr\/clg-12eme\/wp-json\/wp\/v2\/posts"}],"about":[{"href":"https:\/\/etab.ac-reunion.fr\/clg-12eme\/wp-json\/wp\/v2\/types\/post"}],"author":[{"embeddable":true,"href":"https:\/\/etab.ac-reunion.fr\/clg-12eme\/wp-json\/wp\/v2\/users\/30"}],"replies":[{"embeddable":true,"href":"https:\/\/etab.ac-reunion.fr\/clg-12eme\/wp-json\/wp\/v2\/comments?post=822"}],"version-history":[{"count":1,"href":"https:\/\/etab.ac-reunion.fr\/clg-12eme\/wp-json\/wp\/v2\/posts\/822\/revisions"}],"predecessor-version":[{"id":823,"href":"https:\/\/etab.ac-reunion.fr\/clg-12eme\/wp-json\/wp\/v2\/posts\/822\/revisions\/823"}],"wp:attachment":[{"href":"https:\/\/etab.ac-reunion.fr\/clg-12eme\/wp-json\/wp\/v2\/media?parent=822"}],"wp:term":[{"taxonomy":"category","embeddable":true,"href":"https:\/\/etab.ac-reunion.fr\/clg-12eme\/wp-json\/wp\/v2\/categories?post=822"},{"taxonomy":"post_tag","embeddable":true,"href":"https:\/\/etab.ac-reunion.fr\/clg-12eme\/wp-json\/wp\/v2\/tags?post=822"}],"curies":[{"name":"wp","href":"https:\/\/api.w.org\/{rel}","templated":true}]}}