{"id":845,"date":"2015-04-18T08:52:17","date_gmt":"2015-04-18T04:52:17","guid":{"rendered":"http:\/\/college-12eme.ac-reunion.fr\/?p=845"},"modified":"2019-03-07T19:11:39","modified_gmt":"2019-03-07T15:11:39","slug":"trail-du-bout-du-monde-pour-les-marins-du-floreal-archipel-des-crozets","status":"publish","type":"post","link":"https:\/\/etab.ac-reunion.fr\/clg-12eme\/trail-du-bout-du-monde-pour-les-marins-du-floreal-archipel-des-crozets\/","title":{"rendered":"Trail du bout du monde pour les marins du Flor\u00e9al  &#8211; Archipel des Crozets &#8211;"},"content":{"rendered":"<p>Le Flor\u00e9al effectue une patrouille de deux mois dans les Terres Australes et Antarctiques fran\u00e7aises (TAAF), dans le cadre des missions de souverainet\u00e9 des forces arm\u00e9es dans la zone sud de l\u2019Oc\u00e9an Indien (FAZSOI).<br \/>\nAu cours de son premier passage sur l\u2019\u00eele de la Possession (archipel de Crozet \u2013 TAAF) en f\u00e9vrier dernier, Alain Ricci, cadre chez les sapeurs-pompiers, et chef du district de Crozet, \u00e9voque le trail organis\u00e9 annuellement sur l\u2019\u00eele pour les 24 hivernants qu\u2019il a la charge d\u2019encadrer.<\/p>\n<p><a href=\"https:\/\/etab.ac-reunion.fr\/clg-12eme\/wp-content\/uploads\/sites\/6\/2015\/04\/trail1.jpg\"><img loading=\"lazy\" decoding=\"async\" class=\"alignnone size-thumbnail wp-image-846\" src=\"https:\/\/etab.ac-reunion.fr\/clg-12eme\/wp-content\/uploads\/sites\/6\/2015\/04\/trail1-150x150.jpg\" alt=\"trail1\" width=\"150\" height=\"150\" srcset=\"https:\/\/etab.ac-reunion.fr\/clg-12eme\/wp-content\/uploads\/sites\/6\/2015\/04\/trail1-150x150.jpg 150w, https:\/\/etab.ac-reunion.fr\/clg-12eme\/wp-content\/uploads\/sites\/6\/2015\/04\/trail1-218x218.jpg 218w, https:\/\/etab.ac-reunion.fr\/clg-12eme\/wp-content\/uploads\/sites\/6\/2015\/04\/trail1-73x73.jpg 73w, https:\/\/etab.ac-reunion.fr\/clg-12eme\/wp-content\/uploads\/sites\/6\/2015\/04\/trail1-40x40.jpg 40w, https:\/\/etab.ac-reunion.fr\/clg-12eme\/wp-content\/uploads\/sites\/6\/2015\/04\/trail1-184x184.jpg 184w\" sizes=\"auto, (max-width: 150px) 100vw, 150px\" \/><\/a><\/p>\n<p>L\u2019id\u00e9e de partager cette activit\u00e9 avec la fr\u00e9gate de surveillance (FS) Flor\u00e9al fait rapidement son chemin. Le rendez-vous est donc pris pour le prochain mouillage de la fr\u00e9gate devant Port Alfred. C\u2019est ainsi que la FS Flor\u00e9al int\u00e8gre la pr\u00e9paration et l\u2019organisation de cette course.<br \/>\nLa course s\u2019est ainsi d\u00e9roul\u00e9e le 21 et 22 mars 2015, diff\u00e9rents parcours ont \u00e9t\u00e9 propos\u00e9s pour permettre aux 50 marins volontaires du Flor\u00e9al de prendre le d\u00e9part et de se confronter aux hivernants de l\u2019\u00eele participants \u00e0 la premi\u00e8re \u00e9dition du Trail des 40\u00e8me rugissants.<\/p>\n<p><a href=\"https:\/\/etab.ac-reunion.fr\/clg-12eme\/wp-content\/uploads\/sites\/6\/2015\/04\/Trail2.jpg\"><img loading=\"lazy\" decoding=\"async\" class=\"alignnone  wp-image-847\" src=\"https:\/\/etab.ac-reunion.fr\/clg-12eme\/wp-content\/uploads\/sites\/6\/2015\/04\/Trail2-150x150.jpg\" alt=\"Trail2\" width=\"205\" height=\"205\" srcset=\"https:\/\/etab.ac-reunion.fr\/clg-12eme\/wp-content\/uploads\/sites\/6\/2015\/04\/Trail2-150x150.jpg 150w, https:\/\/etab.ac-reunion.fr\/clg-12eme\/wp-content\/uploads\/sites\/6\/2015\/04\/Trail2-218x218.jpg 218w, https:\/\/etab.ac-reunion.fr\/clg-12eme\/wp-content\/uploads\/sites\/6\/2015\/04\/Trail2-73x73.jpg 73w, https:\/\/etab.ac-reunion.fr\/clg-12eme\/wp-content\/uploads\/sites\/6\/2015\/04\/Trail2-40x40.jpg 40w, https:\/\/etab.ac-reunion.fr\/clg-12eme\/wp-content\/uploads\/sites\/6\/2015\/04\/Trail2-184x184.jpg 184w\" sizes=\"auto, (max-width: 205px) 100vw, 205px\" \/><\/a><\/p>\n<p>Au bilan, chacun a la satisfaction d\u2019avoir v\u00e9cu ensemble, en \u00e9quipage, une exp\u00e9rience sportive et humaine hors du commun. Le d\u00e9fi a donc \u00e9t\u00e9 relev\u00e9, en esp\u00e9rant d\u00e9sormais que le trail des 40\u00e8mes rugissants devienne un \u00e9v\u00e8nement incontournable pour les b\u00e2timents en patrouille dans la zone. La FS Flor\u00e9al est ensuite reparti en patrouille en direction de l\u2019archipel des Kerguelen.<\/p>\n","protected":false},"excerpt":{"rendered":"<p>Le Flor\u00e9al effectue une patrouille de deux mois dans les Terres Australes et Antarctiques fran\u00e7aises (TAAF), dans le cadre des missions de souverainet\u00e9 des forces arm\u00e9es dans la zone sud de l\u2019Oc\u00e9an Indien (FAZSOI). Au cours de son premier passage sur l\u2019\u00eele de la Possession (archipel de Crozet \u2013 TAAF) &hellip;<\/p>\n","protected":false},"author":30,"featured_media":0,"comment_status":"closed","ping_status":"closed","sticky":false,"template":"","format":"standard","meta":{"footnotes":"","_links_to":"","_links_to_target":""},"categories":[2,9],"tags":[],"class_list":["post-845","post","type-post","status-publish","format-standard","hentry","category-informations-aux-familles","category-profs"],"_links":{"self":[{"href":"https:\/\/etab.ac-reunion.fr\/clg-12eme\/wp-json\/wp\/v2\/posts\/845","targetHints":{"allow":["GET"]}}],"collection":[{"href":"https:\/\/etab.ac-reunion.fr\/clg-12eme\/wp-json\/wp\/v2\/posts"}],"about":[{"href":"https:\/\/etab.ac-reunion.fr\/clg-12eme\/wp-json\/wp\/v2\/types\/post"}],"author":[{"embeddable":true,"href":"https:\/\/etab.ac-reunion.fr\/clg-12eme\/wp-json\/wp\/v2\/users\/30"}],"replies":[{"embeddable":true,"href":"https:\/\/etab.ac-reunion.fr\/clg-12eme\/wp-json\/wp\/v2\/comments?post=845"}],"version-history":[{"count":1,"href":"https:\/\/etab.ac-reunion.fr\/clg-12eme\/wp-json\/wp\/v2\/posts\/845\/revisions"}],"predecessor-version":[{"id":848,"href":"https:\/\/etab.ac-reunion.fr\/clg-12eme\/wp-json\/wp\/v2\/posts\/845\/revisions\/848"}],"wp:attachment":[{"href":"https:\/\/etab.ac-reunion.fr\/clg-12eme\/wp-json\/wp\/v2\/media?parent=845"}],"wp:term":[{"taxonomy":"category","embeddable":true,"href":"https:\/\/etab.ac-reunion.fr\/clg-12eme\/wp-json\/wp\/v2\/categories?post=845"},{"taxonomy":"post_tag","embeddable":true,"href":"https:\/\/etab.ac-reunion.fr\/clg-12eme\/wp-json\/wp\/v2\/tags?post=845"}],"curies":[{"name":"wp","href":"https:\/\/api.w.org\/{rel}","templated":true}]}}