{"id":877,"date":"2015-06-09T07:32:57","date_gmt":"2015-06-09T03:32:57","guid":{"rendered":"http:\/\/college-12eme.ac-reunion.fr\/?p=877"},"modified":"2017-01-29T20:17:22","modified_gmt":"2017-01-29T16:17:22","slug":"controle-numerisation-et-restitution-des-manuels-scolaires","status":"publish","type":"post","link":"https:\/\/etab.ac-reunion.fr\/clg-12eme\/controle-numerisation-et-restitution-des-manuels-scolaires\/","title":{"rendered":"Contr\u00f4le, num\u00e9risation et restitution des manuels scolaires"},"content":{"rendered":"<p>Les manuels du coll\u00e8ge du 12\u00e8me sont int\u00e9gr\u00e9s dans une base informatique. Les manuels de 6\u00e8me ont \u00e9t\u00e9 contr\u00f4l\u00e9s et num\u00e9ris\u00e9s les 3 et 4 juin 2015. Les manuels de 5\u00e8me le sont le mardi 9 juin 2015.<\/p>\n<p><strong> Mardi 9 juin 2015<\/strong><br \/>\n<strong>M1<\/strong> : 5C Mme Picardo (CDI)<br \/>\n<strong>M2 :\u00a0<\/strong> 5B M. Fontaine (CDI) 5E M. Houssen Salle 207<br \/>\n<strong>M3<\/strong> : 5F M. Yahi (CDI)<br \/>\n<strong>M4<\/strong> : 5A M. Rabour (CDI)<br \/>\n<strong>S1<\/strong> : 5G M. Junger (CDI) 5D M. Houssen Salle 207<br \/>\n<strong>S2<\/strong> : 5H Mme Hoarau (CDI)<\/p>\n<p>Les \u00e9l\u00e8ves sont accompagn\u00e9s par leur professeur selon le planning pr\u00e9vu.<\/p>\n<p><strong> Je<\/strong><strong>udi 11 juin : <\/strong>Retardataires de 6\u00e8me et 5\u00e8me : les \u00e9l\u00e8ves remettent leurs livres au CDI, \u00e0 Mme Dijoux, Doc. en M1 ou M2. Ils les r\u00e9cup\u00e8rent \u00e0 15h20 ou selon l\u2019horaire qui leur sera indiqu\u00e9.<\/p>\n<p><strong>Restitution finale des manuels<\/strong><br \/>\nLes dates pr\u00e9vues pour la restitution finale, lundi 29 pour les 6\u00e8me et mardi 30 juin pour les 5\u00e8me, feront l\u2019objet d\u2019un planning. Elles s\u2019appliquent pour l\u2019ensemble des \u00e9l\u00e8ves.<\/p>\n<p><strong>Cas des familles quittant le d\u00e9partement avant les 29 et 30 juin 2015<\/strong> : Concernant les cas des familles quittant le d\u00e9partement avant cette date, les restitutions anticip\u00e9es se feront le <strong>vendredi 19<\/strong> <strong>juin \u00e0 9h au CDI<\/strong>, sur <strong>demande \u00e9crite des parents d\u00fbment valid\u00e9e par M. Dijoux Roselyne, Professeur de Documentation<\/strong>.<\/p>\n","protected":false},"excerpt":{"rendered":"<p>Les manuels du coll\u00e8ge du 12\u00e8me sont int\u00e9gr\u00e9s dans une base informatique. Les manuels de 6\u00e8me ont \u00e9t\u00e9 contr\u00f4l\u00e9s et num\u00e9ris\u00e9s les 3 et 4 juin 2015. Les manuels de 5\u00e8me le sont le mardi 9 juin 2015. Mardi 9 juin 2015 M1 : 5C Mme Picardo (CDI) M2 :\u00a0 &hellip;<\/p>\n","protected":false},"author":30,"featured_media":0,"comment_status":"closed","ping_status":"closed","sticky":false,"template":"","format":"standard","meta":{"footnotes":"","_links_to":"","_links_to_target":""},"categories":[2,9],"tags":[],"class_list":["post-877","post","type-post","status-publish","format-standard","hentry","category-informations-aux-familles","category-profs"],"_links":{"self":[{"href":"https:\/\/etab.ac-reunion.fr\/clg-12eme\/wp-json\/wp\/v2\/posts\/877","targetHints":{"allow":["GET"]}}],"collection":[{"href":"https:\/\/etab.ac-reunion.fr\/clg-12eme\/wp-json\/wp\/v2\/posts"}],"about":[{"href":"https:\/\/etab.ac-reunion.fr\/clg-12eme\/wp-json\/wp\/v2\/types\/post"}],"author":[{"embeddable":true,"href":"https:\/\/etab.ac-reunion.fr\/clg-12eme\/wp-json\/wp\/v2\/users\/30"}],"replies":[{"embeddable":true,"href":"https:\/\/etab.ac-reunion.fr\/clg-12eme\/wp-json\/wp\/v2\/comments?post=877"}],"version-history":[{"count":1,"href":"https:\/\/etab.ac-reunion.fr\/clg-12eme\/wp-json\/wp\/v2\/posts\/877\/revisions"}],"predecessor-version":[{"id":878,"href":"https:\/\/etab.ac-reunion.fr\/clg-12eme\/wp-json\/wp\/v2\/posts\/877\/revisions\/878"}],"wp:attachment":[{"href":"https:\/\/etab.ac-reunion.fr\/clg-12eme\/wp-json\/wp\/v2\/media?parent=877"}],"wp:term":[{"taxonomy":"category","embeddable":true,"href":"https:\/\/etab.ac-reunion.fr\/clg-12eme\/wp-json\/wp\/v2\/categories?post=877"},{"taxonomy":"post_tag","embeddable":true,"href":"https:\/\/etab.ac-reunion.fr\/clg-12eme\/wp-json\/wp\/v2\/tags?post=877"}],"curies":[{"name":"wp","href":"https:\/\/api.w.org\/{rel}","templated":true}]}}