{"id":884,"date":"2015-08-11T12:02:17","date_gmt":"2015-08-11T08:02:17","guid":{"rendered":"http:\/\/college-12eme.ac-reunion.fr\/?p=884"},"modified":"2015-08-11T12:02:17","modified_gmt":"2015-08-11T08:02:17","slug":"rentree-des-eleves-les-18-et-19-aout-2015","status":"publish","type":"post","link":"https:\/\/etab.ac-reunion.fr\/clg-12eme\/rentree-des-eleves-les-18-et-19-aout-2015\/","title":{"rendered":"Rentr\u00e9e des \u00c9l\u00e8ves les 18 et 19 aout 2015"},"content":{"rendered":"<p><strong>Mardi 18 Aout 2015 : RENTREE DES 6EME<\/strong><\/p>\n<p>7H 30 Accueil des \u00e9l\u00e8ves<br \/>\n8h00 Appel des \u00e9l\u00e8ves et prise en charge par le Professeur Principal<\/p>\n<p>\u2022 Remise de l\u2019emploi du temps provisoire<br \/>\n\u2022 Remise des carnets de liaison et cartes de demi-pension<br \/>\n\u2022 Consignes d\u2019\u00e9vacuation incendie et visite du coll\u00e8ge<br \/>\n\u2022 R\u00e8glement int\u00e9rieur<br \/>\n\u2022 Distribution des manuels<br \/>\n\u2022 La distribution des manuels est assur\u00e9e par le Professeur principal, en relation avec Mme la Documentaliste. Un planning pr\u00e9voira le passage au CDI, sur l\u2019ensemble de la matin\u00e9e.<\/p>\n<p>8H45 R\u00e9union des parents avec l\u2019\u00e9quipe \u00e9ducative en salle de permanence<br \/>\nPr\u00e9sentation de l\u2019\u00e9quipe \u00e9ducative (Principal, C.P.E, professeurs de 6\u00e8me disponibles, Infirmier, Assistante sociale, les assistants d\u2019\u00e9ducation). Principes \u00e9ducatifs retenus au coll\u00e8ge, r\u00e8glement int\u00e9rieur, organisation, questions diverses.<\/p>\n<p>09 H 22 \u2192 09 H 37 R\u00e9cr\u00e9ation<br \/>\n09 H 37 \u2192 11 H 31 Poursuite de la prise en charge des \u00e9l\u00e8ves par leur professeur principal.<\/p>\n<p>11 H 31 Repas<br \/>\n13h28 Les \u00e9l\u00e8ves sont pris en charge par les professeurs pr\u00e9vus \u00e0 l\u2019emploi du temps. Ils compl\u00e8tent \u00e9ventuellement les points non trait\u00e9s avec le PP.<br \/>\n15h22 Les \u00e9l\u00e8ves sont lib\u00e9r\u00e9s. Ramassage par les bus.<\/p>\n<p>&nbsp;<\/p>\n<p><strong>Mercredi 19 Aout 2015 RENTREE DES 5EME ET 4EME<\/strong><\/p>\n<p>7H 30 Affichage des classes. Les \u00e9l\u00e8ves sont pris en charge \u00e0 7h45 par le Professeur Principal \u00e0 l\u2019emplacement de regroupement pr\u00e9vu dans la cour par la Vie scolaire, dans les salles indiqu\u00e9es sur le planning des salles.<\/p>\n<p>\u2022 Remise de l\u2019emploi du temps provisoire<br \/>\n\u2022 Remise des carnets de liaison et cartes de demi-pension<br \/>\n\u2022 Remise des carnets de liaison<br \/>\n\u2022 R\u00e8glement int\u00e9rieur<br \/>\n\u2022 Consignes d\u2019\u00e9vacuation incendie et visite du coll\u00e8ge<br \/>\n\u2022 D\u00e9but de la distribution des manuels (poursuite \u00e9ventuelle le lendemain)<br \/>\nLa distribution des manuels est assur\u00e9e par le Professeur pr\u00e9vu \u00e0 l\u2019emploi du temps selon le planning transmis en temps et heures, en relation avec Mme la Documentaliste.<\/p>\n<p>09 H R\u00e9union des parents avec l\u2019\u00e9quipe \u00e9ducative en salle de permanence<\/p>\n<p>09 H 22 \u2192 09 H 37 R\u00e9cr\u00e9ation<br \/>\n09 H 37 \u2192 11 H 31 Prise en charge des \u00e9l\u00e8ves selon l\u2019emploi du temps<br \/>\n11 H 31 Fin de journ\u00e9e<\/p>\n<p>&nbsp;<\/p>\n","protected":false},"excerpt":{"rendered":"<p>Mardi 18 Aout 2015 : RENTREE DES 6EME 7H 30 Accueil des \u00e9l\u00e8ves 8h00 Appel des \u00e9l\u00e8ves et prise en charge par le Professeur Principal \u2022 Remise de l\u2019emploi du temps provisoire \u2022 Remise des carnets de liaison et cartes de demi-pension \u2022 Consignes d\u2019\u00e9vacuation incendie et visite du coll\u00e8ge &hellip;<\/p>\n","protected":false},"author":30,"featured_media":0,"comment_status":"closed","ping_status":"closed","sticky":false,"template":"","format":"standard","meta":{"footnotes":"","_links_to":"","_links_to_target":""},"categories":[2,9],"tags":[],"class_list":["post-884","post","type-post","status-publish","format-standard","hentry","category-informations-aux-familles","category-profs"],"_links":{"self":[{"href":"https:\/\/etab.ac-reunion.fr\/clg-12eme\/wp-json\/wp\/v2\/posts\/884","targetHints":{"allow":["GET"]}}],"collection":[{"href":"https:\/\/etab.ac-reunion.fr\/clg-12eme\/wp-json\/wp\/v2\/posts"}],"about":[{"href":"https:\/\/etab.ac-reunion.fr\/clg-12eme\/wp-json\/wp\/v2\/types\/post"}],"author":[{"embeddable":true,"href":"https:\/\/etab.ac-reunion.fr\/clg-12eme\/wp-json\/wp\/v2\/users\/30"}],"replies":[{"embeddable":true,"href":"https:\/\/etab.ac-reunion.fr\/clg-12eme\/wp-json\/wp\/v2\/comments?post=884"}],"version-history":[{"count":1,"href":"https:\/\/etab.ac-reunion.fr\/clg-12eme\/wp-json\/wp\/v2\/posts\/884\/revisions"}],"predecessor-version":[{"id":885,"href":"https:\/\/etab.ac-reunion.fr\/clg-12eme\/wp-json\/wp\/v2\/posts\/884\/revisions\/885"}],"wp:attachment":[{"href":"https:\/\/etab.ac-reunion.fr\/clg-12eme\/wp-json\/wp\/v2\/media?parent=884"}],"wp:term":[{"taxonomy":"category","embeddable":true,"href":"https:\/\/etab.ac-reunion.fr\/clg-12eme\/wp-json\/wp\/v2\/categories?post=884"},{"taxonomy":"post_tag","embeddable":true,"href":"https:\/\/etab.ac-reunion.fr\/clg-12eme\/wp-json\/wp\/v2\/tags?post=884"}],"curies":[{"name":"wp","href":"https:\/\/api.w.org\/{rel}","templated":true}]}}