{"id":887,"date":"2015-08-29T11:12:53","date_gmt":"2015-08-29T07:12:53","guid":{"rendered":"http:\/\/college-12eme.ac-reunion.fr\/?p=887"},"modified":"2015-08-29T11:12:53","modified_gmt":"2015-08-29T07:12:53","slug":"projet-bien-vivre-ensemble-pour-les-eleves-de-6eme-cesc","status":"publish","type":"post","link":"https:\/\/etab.ac-reunion.fr\/clg-12eme\/projet-bien-vivre-ensemble-pour-les-eleves-de-6eme-cesc\/","title":{"rendered":"Projet \u00ab\u00a0Bien vivre ensemble\u00a0\u00bb pour les \u00e9l\u00e8ves de 6\u00e8me. (CESC)"},"content":{"rendered":"<p><strong>Projet \u00ab\u00a0Bien vivre ensemble\u00a0\u00bb pour les \u00e9l\u00e8ves de 6\u00e8me.<\/strong><\/p>\n<p>Dans le cadre des actions du Comit\u00e9 d&rsquo; Education Sant\u00e9 Citoyennet\u00e9 (CESC) et comme l&rsquo;an dernier, les \u00e9l\u00e8ves de 6\u00e8me b\u00e9n\u00e9ficieront d&rsquo;un projet \u00ab\u00a0Bien Vivre Ensemble\u00a0\u00bb contribuant au programme d\u2019Education morale et civique.<\/p>\n<p>Ce projet a pour objectifs :<br \/>\n&#8211; de renforcer le groupe classe<br \/>\n&#8211; de bien vivre et communiquer dans le respect de l&rsquo;autre<br \/>\n&#8211; de connaitre et maitriser ses \u00e9motions<br \/>\n-d&rsquo;augmenter l&rsquo;estime de soi<\/p>\n<p>Les s\u00e9ances se d\u00e9rouleront sur une heure de cours ou de permanence, \u00e9chelonn\u00e9es au cours de l&rsquo;ann\u00e9e scolaire. Il y aura 6 \u00e0 7 s\u00e9ances. Les \u00e9l\u00e8ves noteront sur le carnet de liaison ou agenda la date de la s\u00e9ance.<\/p>\n<p>La premi\u00e8re s\u00e9ance se d\u00e9roulera la semaine du 31 aout selon le planning suivant :<\/p>\n<p><strong>Mardi 1er septembre<\/strong><\/p>\n<p>M4 Classe de 6 E<br \/>\nM Leperlier<\/p>\n<p>S1 Classe de 6 C<br \/>\nM Lim Chap<\/p>\n<p><strong>Mercredi 2 septembre<\/strong><\/p>\n<p>M2 Classe de 6 B<br \/>\nM Rabour<\/p>\n<p>M4 Classe de6D<br \/>\nM Chaffre<\/p>\n<p><strong>Jeudi 3 sept<\/strong><\/p>\n<p>M2 Classe de 6G<br \/>\nMme Codarbox<\/p>\n<p>M4 Classe de 6A<br \/>\nMme Dijoux<\/p>\n<p><strong>Vendredi 4 septembre<\/strong><br \/>\nS1 Classe de 6 F<br \/>\nM Pajaud<\/p>\n<p>Les \u00e9l\u00e8ves seront inform\u00e9s par Mme Pr\u00e9audeau, au cours de la premi\u00e8re s\u00e9ance du d\u00e9roulement de ce projet.<br \/>\nVal\u00e9rie PR\u00c9AUDEAU , Infirmi\u00e8re<br \/>\nColl\u00e8ge du 12\u00e8me<br \/>\n94, Rue Georges Pompidou<br \/>\n97430 Le Tampon<br \/>\nT\u00e9l\u00e9phone: 02 62 34 57 93<\/p>\n","protected":false},"excerpt":{"rendered":"<p>Projet \u00ab\u00a0Bien vivre ensemble\u00a0\u00bb pour les \u00e9l\u00e8ves de 6\u00e8me. Dans le cadre des actions du Comit\u00e9 d&rsquo; Education Sant\u00e9 Citoyennet\u00e9 (CESC) et comme l&rsquo;an dernier, les \u00e9l\u00e8ves de 6\u00e8me b\u00e9n\u00e9ficieront d&rsquo;un projet \u00ab\u00a0Bien Vivre Ensemble\u00a0\u00bb contribuant au programme d\u2019Education morale et civique. Ce projet a pour objectifs : &#8211; de &hellip;<\/p>\n","protected":false},"author":30,"featured_media":0,"comment_status":"closed","ping_status":"closed","sticky":false,"template":"","format":"standard","meta":{"footnotes":"","_links_to":"","_links_to_target":""},"categories":[2,9],"tags":[],"class_list":["post-887","post","type-post","status-publish","format-standard","hentry","category-informations-aux-familles","category-profs"],"_links":{"self":[{"href":"https:\/\/etab.ac-reunion.fr\/clg-12eme\/wp-json\/wp\/v2\/posts\/887","targetHints":{"allow":["GET"]}}],"collection":[{"href":"https:\/\/etab.ac-reunion.fr\/clg-12eme\/wp-json\/wp\/v2\/posts"}],"about":[{"href":"https:\/\/etab.ac-reunion.fr\/clg-12eme\/wp-json\/wp\/v2\/types\/post"}],"author":[{"embeddable":true,"href":"https:\/\/etab.ac-reunion.fr\/clg-12eme\/wp-json\/wp\/v2\/users\/30"}],"replies":[{"embeddable":true,"href":"https:\/\/etab.ac-reunion.fr\/clg-12eme\/wp-json\/wp\/v2\/comments?post=887"}],"version-history":[{"count":1,"href":"https:\/\/etab.ac-reunion.fr\/clg-12eme\/wp-json\/wp\/v2\/posts\/887\/revisions"}],"predecessor-version":[{"id":888,"href":"https:\/\/etab.ac-reunion.fr\/clg-12eme\/wp-json\/wp\/v2\/posts\/887\/revisions\/888"}],"wp:attachment":[{"href":"https:\/\/etab.ac-reunion.fr\/clg-12eme\/wp-json\/wp\/v2\/media?parent=887"}],"wp:term":[{"taxonomy":"category","embeddable":true,"href":"https:\/\/etab.ac-reunion.fr\/clg-12eme\/wp-json\/wp\/v2\/categories?post=887"},{"taxonomy":"post_tag","embeddable":true,"href":"https:\/\/etab.ac-reunion.fr\/clg-12eme\/wp-json\/wp\/v2\/tags?post=887"}],"curies":[{"name":"wp","href":"https:\/\/api.w.org\/{rel}","templated":true}]}}