{"id":889,"date":"2015-09-18T16:51:48","date_gmt":"2015-09-18T12:51:48","guid":{"rendered":"http:\/\/college-12eme.ac-reunion.fr\/?p=889"},"modified":"2015-09-18T16:52:30","modified_gmt":"2015-09-18T12:52:30","slug":"diffusion-des-codes-dacces-a-lenvironnement-numerique-de-travail","status":"publish","type":"post","link":"https:\/\/etab.ac-reunion.fr\/clg-12eme\/diffusion-des-codes-dacces-a-lenvironnement-numerique-de-travail\/","title":{"rendered":"Diffusion des codes d&rsquo;acc\u00e8s \u00e0 l&rsquo;Environnement num\u00e9rique de travail"},"content":{"rendered":"<p><strong>A l&rsquo;attention de Mesdames et Messieurs les Parents d&rsquo;El\u00e8ves<\/strong><\/p>\n<p>A partir du lundi 21 septembre 2015, vous allez \u00eatre destinataires de vos identifiants et codes provisoires pour vous connecter \u00e0 Pronote. Merci de noter que l&rsquo;attribution du mot de passe d\u00e9finitif,\u00a0 vous devez d&rsquo;abord vous connecter sur http:\/\/infometice.ac-reunion.fr puis \u00e0 cliquer sur l\u2019onglet Utilisateurs &gt; Parents, et enfin sur Premier acc\u00e8s \u00e0 M\u00e9tice.<\/p>\n<p>Pensez donc \u00e0 demander \u00e0 votre enfant si les feuilles contenant ces informations lui ont bien \u00e9t\u00e9 remises, soit lundi 21 soit mardi 22 septembre 2015.<\/p>\n<p>Recevez nos meilleures salutations.<\/p>\n<p>Christophe Courr\u00e9jou<\/p>\n<p>Principal<br \/>\nCOLLEGE DU 12\u00e8me Tampon, le 18 septembre 2015<br \/>\n94 rue Georges Pompidou<br \/>\n97430 Le Tampon<br \/>\n\uf0c9 02 62 34 57 80 \uf0ca 02 62 32 85 29 A l\u2019attention de Mesdames et Messieurs les Parents d\u2019\u00e9l\u00e8ves<br \/>\nR\u00e9f : NDS2015-73<br \/>\nObjet : Identifiants et mots de passe provisoires pour votre connexion \u00e0 l\u2019ENT<br \/>\nVous \u00eates destinataire du courrier ci-joint pour le suivi de la scolarit\u00e9 de votre enfant. Vous y trouvez votre identifiant et votre mot de passe PROVISOIRE. Pour obtenir votre mot de passe d\u00e9finitif, nous vous invitons \u00e0 vous connecter sur http:\/\/infometice.ac-reunion.fr puis \u00e0 cliquer sur l\u2019onglet Utilisateurs &gt; Parents, et enfin sur Premier acc\u00e8s \u00e0 M\u00e9tice. Ensuite vous pourrez vous connecter sur le site du coll\u00e8ge : https:\/\/etab.ac-reunion.fr\/clg-12eme , en cliquant sur l\u2019onglet Environnement Num\u00e9rique de Travail et avoir acc\u00e8s aux informations sur votre enfant.<br \/>\nCordialement. Le Principal<\/p>\n","protected":false},"excerpt":{"rendered":"<p>A l&rsquo;attention de Mesdames et Messieurs les Parents d&rsquo;El\u00e8ves A partir du lundi 21 septembre 2015, vous allez \u00eatre destinataires de vos identifiants et codes provisoires pour vous connecter \u00e0 Pronote. Merci de noter que l&rsquo;attribution du mot de passe d\u00e9finitif,\u00a0 vous devez d&rsquo;abord vous connecter sur http:\/\/infometice.ac-reunion.fr puis \u00e0 &hellip;<\/p>\n","protected":false},"author":30,"featured_media":0,"comment_status":"closed","ping_status":"closed","sticky":false,"template":"","format":"standard","meta":{"footnotes":"","_links_to":"","_links_to_target":""},"categories":[2,9],"tags":[],"class_list":["post-889","post","type-post","status-publish","format-standard","hentry","category-informations-aux-familles","category-profs"],"_links":{"self":[{"href":"https:\/\/etab.ac-reunion.fr\/clg-12eme\/wp-json\/wp\/v2\/posts\/889","targetHints":{"allow":["GET"]}}],"collection":[{"href":"https:\/\/etab.ac-reunion.fr\/clg-12eme\/wp-json\/wp\/v2\/posts"}],"about":[{"href":"https:\/\/etab.ac-reunion.fr\/clg-12eme\/wp-json\/wp\/v2\/types\/post"}],"author":[{"embeddable":true,"href":"https:\/\/etab.ac-reunion.fr\/clg-12eme\/wp-json\/wp\/v2\/users\/30"}],"replies":[{"embeddable":true,"href":"https:\/\/etab.ac-reunion.fr\/clg-12eme\/wp-json\/wp\/v2\/comments?post=889"}],"version-history":[{"count":2,"href":"https:\/\/etab.ac-reunion.fr\/clg-12eme\/wp-json\/wp\/v2\/posts\/889\/revisions"}],"predecessor-version":[{"id":891,"href":"https:\/\/etab.ac-reunion.fr\/clg-12eme\/wp-json\/wp\/v2\/posts\/889\/revisions\/891"}],"wp:attachment":[{"href":"https:\/\/etab.ac-reunion.fr\/clg-12eme\/wp-json\/wp\/v2\/media?parent=889"}],"wp:term":[{"taxonomy":"category","embeddable":true,"href":"https:\/\/etab.ac-reunion.fr\/clg-12eme\/wp-json\/wp\/v2\/categories?post=889"},{"taxonomy":"post_tag","embeddable":true,"href":"https:\/\/etab.ac-reunion.fr\/clg-12eme\/wp-json\/wp\/v2\/tags?post=889"}],"curies":[{"name":"wp","href":"https:\/\/api.w.org\/{rel}","templated":true}]}}