{"id":913,"date":"2015-11-17T08:30:15","date_gmt":"2015-11-17T04:30:15","guid":{"rendered":"http:\/\/college-12eme.ac-reunion.fr\/?p=913"},"modified":"2015-11-17T08:30:15","modified_gmt":"2015-11-17T04:30:15","slug":"planning-des-conseils-de-classe-du-1er-trimestre-2015-16","status":"publish","type":"post","link":"https:\/\/etab.ac-reunion.fr\/clg-12eme\/planning-des-conseils-de-classe-du-1er-trimestre-2015-16\/","title":{"rendered":"Planning des conseils de classe du 1er trimestre 2015-16"},"content":{"rendered":"<p>Les Conseils de classe ne sont pas publics. Les deux Parents d\u00e9l\u00e9gu\u00e9s titulaires et deux suppl\u00e9ants sont propos\u00e9s en concertation par les Associations de Parents d&rsquo;\u00e9l\u00e8ves et valid\u00e9s par l&rsquo;\u00e9tablissement.<\/p>\n<p>Le Principal<\/p>\n<p>&nbsp;<\/p>\n<p>NB: Merci de cliquer sur le raccourci ci-dessous.<\/p>\n<p><a href=\"https:\/\/etab.ac-reunion.fr\/clg-12eme\/wp-content\/uploads\/sites\/6\/2015\/11\/Conseils-de-classe-du-1er-trimestre-2015-16.png\"><img loading=\"lazy\" decoding=\"async\" class=\"alignnone size-thumbnail wp-image-910\" src=\"https:\/\/etab.ac-reunion.fr\/clg-12eme\/wp-content\/uploads\/sites\/6\/2015\/11\/Conseils-de-classe-du-1er-trimestre-2015-16-150x150.png\" alt=\"Conseils de classe du 1er trimestre 2015-16\" width=\"150\" height=\"150\" srcset=\"https:\/\/etab.ac-reunion.fr\/clg-12eme\/wp-content\/uploads\/sites\/6\/2015\/11\/Conseils-de-classe-du-1er-trimestre-2015-16-150x150.png 150w, https:\/\/etab.ac-reunion.fr\/clg-12eme\/wp-content\/uploads\/sites\/6\/2015\/11\/Conseils-de-classe-du-1er-trimestre-2015-16-218x218.png 218w, https:\/\/etab.ac-reunion.fr\/clg-12eme\/wp-content\/uploads\/sites\/6\/2015\/11\/Conseils-de-classe-du-1er-trimestre-2015-16-73x73.png 73w, https:\/\/etab.ac-reunion.fr\/clg-12eme\/wp-content\/uploads\/sites\/6\/2015\/11\/Conseils-de-classe-du-1er-trimestre-2015-16-40x40.png 40w, https:\/\/etab.ac-reunion.fr\/clg-12eme\/wp-content\/uploads\/sites\/6\/2015\/11\/Conseils-de-classe-du-1er-trimestre-2015-16-184x184.png 184w\" sizes=\"auto, (max-width: 150px) 100vw, 150px\" \/><\/a><\/p>\n","protected":false},"excerpt":{"rendered":"<p>Les Conseils de classe ne sont pas publics. Les deux Parents d\u00e9l\u00e9gu\u00e9s titulaires et deux suppl\u00e9ants sont propos\u00e9s en concertation par les Associations de Parents d&rsquo;\u00e9l\u00e8ves et valid\u00e9s par l&rsquo;\u00e9tablissement. Le Principal &nbsp; NB: Merci de cliquer sur le raccourci ci-dessous.<\/p>\n","protected":false},"author":30,"featured_media":0,"comment_status":"closed","ping_status":"closed","sticky":false,"template":"","format":"standard","meta":{"footnotes":"","_links_to":"","_links_to_target":""},"categories":[2,9],"tags":[],"class_list":["post-913","post","type-post","status-publish","format-standard","hentry","category-informations-aux-familles","category-profs"],"_links":{"self":[{"href":"https:\/\/etab.ac-reunion.fr\/clg-12eme\/wp-json\/wp\/v2\/posts\/913","targetHints":{"allow":["GET"]}}],"collection":[{"href":"https:\/\/etab.ac-reunion.fr\/clg-12eme\/wp-json\/wp\/v2\/posts"}],"about":[{"href":"https:\/\/etab.ac-reunion.fr\/clg-12eme\/wp-json\/wp\/v2\/types\/post"}],"author":[{"embeddable":true,"href":"https:\/\/etab.ac-reunion.fr\/clg-12eme\/wp-json\/wp\/v2\/users\/30"}],"replies":[{"embeddable":true,"href":"https:\/\/etab.ac-reunion.fr\/clg-12eme\/wp-json\/wp\/v2\/comments?post=913"}],"version-history":[{"count":1,"href":"https:\/\/etab.ac-reunion.fr\/clg-12eme\/wp-json\/wp\/v2\/posts\/913\/revisions"}],"predecessor-version":[{"id":914,"href":"https:\/\/etab.ac-reunion.fr\/clg-12eme\/wp-json\/wp\/v2\/posts\/913\/revisions\/914"}],"wp:attachment":[{"href":"https:\/\/etab.ac-reunion.fr\/clg-12eme\/wp-json\/wp\/v2\/media?parent=913"}],"wp:term":[{"taxonomy":"category","embeddable":true,"href":"https:\/\/etab.ac-reunion.fr\/clg-12eme\/wp-json\/wp\/v2\/categories?post=913"},{"taxonomy":"post_tag","embeddable":true,"href":"https:\/\/etab.ac-reunion.fr\/clg-12eme\/wp-json\/wp\/v2\/tags?post=913"}],"curies":[{"name":"wp","href":"https:\/\/api.w.org\/{rel}","templated":true}]}}