{"id":924,"date":"2015-12-08T07:27:31","date_gmt":"2015-12-08T03:27:31","guid":{"rendered":"http:\/\/college-12eme.ac-reunion.fr\/?p=924"},"modified":"2015-12-08T07:27:31","modified_gmt":"2015-12-08T03:27:31","slug":"competition-lutte-le-mercredi-9-decembre-2015","status":"publish","type":"post","link":"https:\/\/etab.ac-reunion.fr\/clg-12eme\/competition-lutte-le-mercredi-9-decembre-2015\/","title":{"rendered":"Comp\u00e9tition lutte le mercredi 9 d\u00e9cembre 2015"},"content":{"rendered":"<p>M. Pajaud, professeur d&rsquo;EPS, en charge de l&rsquo;activit\u00e9 lutte dans l\u2019association sportive du coll\u00e8ge du 12\u00e8me, informe les familles des \u00e9l\u00e8ves inscrits \u00e0 l&rsquo;activit\u00e9 que le d\u00e9part est pr\u00e9vu mercredi 9 d\u00e9cembre 2015 \u00e0 7h45 et le retour estim\u00e9 vers 18h.<\/p>\n<p>Chaque \u00e9l\u00e8ve devra pr\u00e9voir son repas \u00e0 emporter et de l&rsquo;eau.<\/p>\n<p>Le Principal<\/p>\n","protected":false},"excerpt":{"rendered":"<p>M. Pajaud, professeur d&rsquo;EPS, en charge de l&rsquo;activit\u00e9 lutte dans l\u2019association sportive du coll\u00e8ge du 12\u00e8me, informe les familles des \u00e9l\u00e8ves inscrits \u00e0 l&rsquo;activit\u00e9 que le d\u00e9part est pr\u00e9vu mercredi 9 d\u00e9cembre 2015 \u00e0 7h45 et le retour estim\u00e9 vers 18h. Chaque \u00e9l\u00e8ve devra pr\u00e9voir son repas \u00e0 emporter et &hellip;<\/p>\n","protected":false},"author":30,"featured_media":0,"comment_status":"closed","ping_status":"closed","sticky":false,"template":"","format":"standard","meta":{"footnotes":"","_links_to":"","_links_to_target":""},"categories":[2,9],"tags":[],"class_list":["post-924","post","type-post","status-publish","format-standard","hentry","category-informations-aux-familles","category-profs"],"_links":{"self":[{"href":"https:\/\/etab.ac-reunion.fr\/clg-12eme\/wp-json\/wp\/v2\/posts\/924","targetHints":{"allow":["GET"]}}],"collection":[{"href":"https:\/\/etab.ac-reunion.fr\/clg-12eme\/wp-json\/wp\/v2\/posts"}],"about":[{"href":"https:\/\/etab.ac-reunion.fr\/clg-12eme\/wp-json\/wp\/v2\/types\/post"}],"author":[{"embeddable":true,"href":"https:\/\/etab.ac-reunion.fr\/clg-12eme\/wp-json\/wp\/v2\/users\/30"}],"replies":[{"embeddable":true,"href":"https:\/\/etab.ac-reunion.fr\/clg-12eme\/wp-json\/wp\/v2\/comments?post=924"}],"version-history":[{"count":1,"href":"https:\/\/etab.ac-reunion.fr\/clg-12eme\/wp-json\/wp\/v2\/posts\/924\/revisions"}],"predecessor-version":[{"id":925,"href":"https:\/\/etab.ac-reunion.fr\/clg-12eme\/wp-json\/wp\/v2\/posts\/924\/revisions\/925"}],"wp:attachment":[{"href":"https:\/\/etab.ac-reunion.fr\/clg-12eme\/wp-json\/wp\/v2\/media?parent=924"}],"wp:term":[{"taxonomy":"category","embeddable":true,"href":"https:\/\/etab.ac-reunion.fr\/clg-12eme\/wp-json\/wp\/v2\/categories?post=924"},{"taxonomy":"post_tag","embeddable":true,"href":"https:\/\/etab.ac-reunion.fr\/clg-12eme\/wp-json\/wp\/v2\/tags?post=924"}],"curies":[{"name":"wp","href":"https:\/\/api.w.org\/{rel}","templated":true}]}}