{"id":929,"date":"2016-02-29T09:20:10","date_gmt":"2016-02-29T05:20:10","guid":{"rendered":"http:\/\/college-12eme.ac-reunion.fr\/?p=929"},"modified":"2017-01-29T20:18:10","modified_gmt":"2017-01-29T16:18:10","slug":"journees-banalisees-de-formation-parking-reserve-aux-personnels","status":"publish","type":"post","link":"https:\/\/etab.ac-reunion.fr\/clg-12eme\/journees-banalisees-de-formation-parking-reserve-aux-personnels\/","title":{"rendered":"Journ\u00e9es banalis\u00e9es de formation \u2013 Parking r\u00e9serv\u00e9 aux personnels"},"content":{"rendered":"<p>Mesdames et Messieurs les Parents d\u2019\u00e9l\u00e8ves du coll\u00e8ge du 12\u00e8me sont inform\u00e9s des \u00e9l\u00e9ments suivants :<br \/>\n1-En raison de la pr\u00e9paration de la r\u00e9forme 2016, le coll\u00e8ge sera ferm\u00e9 aux \u00e9l\u00e8ves le lundi 21 mars, le vendredi 22 avril et le mardi 17 mai 2016. Il n\u2019y aura ces jours-l\u00e0 ni cours ni accueil des \u00e9l\u00e8ves qui resteront sous la responsabilit\u00e9 de leurs familles.<\/p>\n<p>2-Dans le cadre de la fin de chantier et des mesures de s\u00e9curisation nationales, le parking des Personnels sera prochainement ferm\u00e9 et non accessible aux familles.<br \/>\nVeuillez recevoir l\u2019expression de nos meilleures salutations.<br \/>\nLe Principal<br \/>\nChristophe Courr\u00e9jou<\/p>\n","protected":false},"excerpt":{"rendered":"<p>Mesdames et Messieurs les Parents d\u2019\u00e9l\u00e8ves du coll\u00e8ge du 12\u00e8me sont inform\u00e9s des \u00e9l\u00e9ments suivants : 1-En raison de la pr\u00e9paration de la r\u00e9forme 2016, le coll\u00e8ge sera ferm\u00e9 aux \u00e9l\u00e8ves le lundi 21 mars, le vendredi 22 avril et le mardi 17 mai 2016. Il n\u2019y aura ces jours-l\u00e0 &hellip;<\/p>\n","protected":false},"author":30,"featured_media":0,"comment_status":"closed","ping_status":"closed","sticky":false,"template":"","format":"standard","meta":{"footnotes":"","_links_to":"","_links_to_target":""},"categories":[2,9],"tags":[],"class_list":["post-929","post","type-post","status-publish","format-standard","hentry","category-informations-aux-familles","category-profs"],"_links":{"self":[{"href":"https:\/\/etab.ac-reunion.fr\/clg-12eme\/wp-json\/wp\/v2\/posts\/929","targetHints":{"allow":["GET"]}}],"collection":[{"href":"https:\/\/etab.ac-reunion.fr\/clg-12eme\/wp-json\/wp\/v2\/posts"}],"about":[{"href":"https:\/\/etab.ac-reunion.fr\/clg-12eme\/wp-json\/wp\/v2\/types\/post"}],"author":[{"embeddable":true,"href":"https:\/\/etab.ac-reunion.fr\/clg-12eme\/wp-json\/wp\/v2\/users\/30"}],"replies":[{"embeddable":true,"href":"https:\/\/etab.ac-reunion.fr\/clg-12eme\/wp-json\/wp\/v2\/comments?post=929"}],"version-history":[{"count":1,"href":"https:\/\/etab.ac-reunion.fr\/clg-12eme\/wp-json\/wp\/v2\/posts\/929\/revisions"}],"predecessor-version":[{"id":930,"href":"https:\/\/etab.ac-reunion.fr\/clg-12eme\/wp-json\/wp\/v2\/posts\/929\/revisions\/930"}],"wp:attachment":[{"href":"https:\/\/etab.ac-reunion.fr\/clg-12eme\/wp-json\/wp\/v2\/media?parent=929"}],"wp:term":[{"taxonomy":"category","embeddable":true,"href":"https:\/\/etab.ac-reunion.fr\/clg-12eme\/wp-json\/wp\/v2\/categories?post=929"},{"taxonomy":"post_tag","embeddable":true,"href":"https:\/\/etab.ac-reunion.fr\/clg-12eme\/wp-json\/wp\/v2\/tags?post=929"}],"curies":[{"name":"wp","href":"https:\/\/api.w.org\/{rel}","templated":true}]}}