{"id":936,"date":"2016-03-24T16:01:27","date_gmt":"2016-03-24T12:01:27","guid":{"rendered":"http:\/\/college-12eme.ac-reunion.fr\/?p=936"},"modified":"2016-03-24T16:38:02","modified_gmt":"2016-03-24T12:38:02","slug":"modifications-demplois-du-temps-du-mardi-29-mars-2016","status":"publish","type":"post","link":"https:\/\/etab.ac-reunion.fr\/clg-12eme\/modifications-demplois-du-temps-du-mardi-29-mars-2016\/","title":{"rendered":"Modifications d&#8217;emplois du temps du mardi 29 mars 2016"},"content":{"rendered":"<p><strong>A l &lsquo;attention de Mesdames et Messieurs les Parents d\u2019\u00e9l\u00e8ves<\/strong><\/p>\n<p>En raison de\u00a0 participation \u00e0 congr\u00e8s syndical de personnels enseignants du coll\u00e8ge du 12\u00e8me le mardi 29 mars 2016, les emplois du temps sont r\u00e9am\u00e9nag\u00e9s Je vous remercie de prendre note des modifications d\u2019emplois du temps ci-dessous :<\/p>\n<ul>\n<li><u><strong>6A<\/strong> <\/u>:\u00a0 Le cours en S1 de Mme Dijoux Colette est remont\u00e9 en M1 (<\/li>\n<li><strong>Incidence \u00e9l\u00e8ves<\/strong>: Fin des cours \u00e0 9h30<\/li>\n<li><strong><u>6<sup>E<\/sup><\/u><\/strong>\u00a0 :\u00a0 Suppression du cours GR2 de M. Chaffre en M1 et d\u2019allemand Mme Baccherini en M5 pour les 6<sup>E<\/sup><\/li>\n<li><strong>Incidence \u00e9l\u00e8ves<\/strong>: D\u00e9but des cours \u00e0 13h30<\/li>\n<li><strong><u>5<sup>E<\/sup><\/u>\u00a0<\/strong> :\u00a0 Suppression du cours de Mme Lavenant (Soutien) en S3<\/li>\n<li><strong>Incidence \u00e9l\u00e8ves<\/strong>: fin des cours \u00e0 <span style=\"color: #ff0000\">10h30<\/span><\/li>\n<li><strong><u>4A<\/u><\/strong>:\u00a0\u00a0 Suppression du cours de Mme Hoarau Sylvie en M3<\/li>\n<li><strong>Incidence \u00e9l\u00e8ves<\/strong>: D\u00e9but des cours \u00e0 13h30<\/li>\n<li><strong>4<sup>E<\/sup><\/strong>: Suppression du cours de M. Ferrere en S3<\/li>\n<li><strong>Incidence \u00e9l\u00e8ves<\/strong>: Fin des cours \u00e0 10h30<\/li>\n<\/ul>\n<p>Bien cordialement.<\/p>\n<p>CCourr\u00e9jou<\/p>\n<p>Principal<\/p>\n","protected":false},"excerpt":{"rendered":"<p>A l &lsquo;attention de Mesdames et Messieurs les Parents d\u2019\u00e9l\u00e8ves En raison de\u00a0 participation \u00e0 congr\u00e8s syndical de personnels enseignants du coll\u00e8ge du 12\u00e8me le mardi 29 mars 2016, les emplois du temps sont r\u00e9am\u00e9nag\u00e9s Je vous remercie de prendre note des modifications d\u2019emplois du temps ci-dessous : 6A :\u00a0 &hellip;<\/p>\n","protected":false},"author":30,"featured_media":0,"comment_status":"closed","ping_status":"closed","sticky":false,"template":"","format":"standard","meta":{"footnotes":"","_links_to":"","_links_to_target":""},"categories":[2,9],"tags":[],"class_list":["post-936","post","type-post","status-publish","format-standard","hentry","category-informations-aux-familles","category-profs"],"_links":{"self":[{"href":"https:\/\/etab.ac-reunion.fr\/clg-12eme\/wp-json\/wp\/v2\/posts\/936","targetHints":{"allow":["GET"]}}],"collection":[{"href":"https:\/\/etab.ac-reunion.fr\/clg-12eme\/wp-json\/wp\/v2\/posts"}],"about":[{"href":"https:\/\/etab.ac-reunion.fr\/clg-12eme\/wp-json\/wp\/v2\/types\/post"}],"author":[{"embeddable":true,"href":"https:\/\/etab.ac-reunion.fr\/clg-12eme\/wp-json\/wp\/v2\/users\/30"}],"replies":[{"embeddable":true,"href":"https:\/\/etab.ac-reunion.fr\/clg-12eme\/wp-json\/wp\/v2\/comments?post=936"}],"version-history":[{"count":3,"href":"https:\/\/etab.ac-reunion.fr\/clg-12eme\/wp-json\/wp\/v2\/posts\/936\/revisions"}],"predecessor-version":[{"id":939,"href":"https:\/\/etab.ac-reunion.fr\/clg-12eme\/wp-json\/wp\/v2\/posts\/936\/revisions\/939"}],"wp:attachment":[{"href":"https:\/\/etab.ac-reunion.fr\/clg-12eme\/wp-json\/wp\/v2\/media?parent=936"}],"wp:term":[{"taxonomy":"category","embeddable":true,"href":"https:\/\/etab.ac-reunion.fr\/clg-12eme\/wp-json\/wp\/v2\/categories?post=936"},{"taxonomy":"post_tag","embeddable":true,"href":"https:\/\/etab.ac-reunion.fr\/clg-12eme\/wp-json\/wp\/v2\/tags?post=936"}],"curies":[{"name":"wp","href":"https:\/\/api.w.org\/{rel}","templated":true}]}}