{"id":948,"date":"2016-04-05T11:56:11","date_gmt":"2016-04-05T07:56:11","guid":{"rendered":"http:\/\/college-12eme.ac-reunion.fr\/?p=948"},"modified":"2016-04-05T13:23:23","modified_gmt":"2016-04-05T09:23:23","slug":"report-du-conseil-de-classe-du-mardi-5-avril-2016","status":"publish","type":"post","link":"https:\/\/etab.ac-reunion.fr\/clg-12eme\/report-du-conseil-de-classe-du-mardi-5-avril-2016\/","title":{"rendered":"Report du conseil de classe de 6B du mardi 5 avril 2016"},"content":{"rendered":"<p><strong><u>A l\u2019attention des Parents d&rsquo;\u00e9l\u00e8ves de 6B<br \/>\n<\/u><\/strong><\/p>\n<p>En raison d&rsquo;une absence pour raison de sant\u00e9, le conseil de classe du mardi avril 2016 de 6B est report\u00e9 \u00e0 une date qui vous sera communiqu\u00e9e ult\u00e9rieurement.<\/p>\n<p>Recevez nos meilleures salutations.<\/p>\n<p>CCourr\u00e9jou<\/p>\n<p>Principal<\/p>\n<p>&nbsp;<\/p>\n<p>&nbsp;<\/p>\n","protected":false},"excerpt":{"rendered":"<p>A l\u2019attention des Parents d&rsquo;\u00e9l\u00e8ves de 6B En raison d&rsquo;une absence pour raison de sant\u00e9, le conseil de classe du mardi avril 2016 de 6B est report\u00e9 \u00e0 une date qui vous sera communiqu\u00e9e ult\u00e9rieurement. Recevez nos meilleures salutations. CCourr\u00e9jou Principal &nbsp; &nbsp;<\/p>\n","protected":false},"author":30,"featured_media":0,"comment_status":"closed","ping_status":"closed","sticky":false,"template":"","format":"standard","meta":{"footnotes":"","_links_to":"","_links_to_target":""},"categories":[2,9],"tags":[],"class_list":["post-948","post","type-post","status-publish","format-standard","hentry","category-informations-aux-familles","category-profs"],"_links":{"self":[{"href":"https:\/\/etab.ac-reunion.fr\/clg-12eme\/wp-json\/wp\/v2\/posts\/948","targetHints":{"allow":["GET"]}}],"collection":[{"href":"https:\/\/etab.ac-reunion.fr\/clg-12eme\/wp-json\/wp\/v2\/posts"}],"about":[{"href":"https:\/\/etab.ac-reunion.fr\/clg-12eme\/wp-json\/wp\/v2\/types\/post"}],"author":[{"embeddable":true,"href":"https:\/\/etab.ac-reunion.fr\/clg-12eme\/wp-json\/wp\/v2\/users\/30"}],"replies":[{"embeddable":true,"href":"https:\/\/etab.ac-reunion.fr\/clg-12eme\/wp-json\/wp\/v2\/comments?post=948"}],"version-history":[{"count":3,"href":"https:\/\/etab.ac-reunion.fr\/clg-12eme\/wp-json\/wp\/v2\/posts\/948\/revisions"}],"predecessor-version":[{"id":951,"href":"https:\/\/etab.ac-reunion.fr\/clg-12eme\/wp-json\/wp\/v2\/posts\/948\/revisions\/951"}],"wp:attachment":[{"href":"https:\/\/etab.ac-reunion.fr\/clg-12eme\/wp-json\/wp\/v2\/media?parent=948"}],"wp:term":[{"taxonomy":"category","embeddable":true,"href":"https:\/\/etab.ac-reunion.fr\/clg-12eme\/wp-json\/wp\/v2\/categories?post=948"},{"taxonomy":"post_tag","embeddable":true,"href":"https:\/\/etab.ac-reunion.fr\/clg-12eme\/wp-json\/wp\/v2\/tags?post=948"}],"curies":[{"name":"wp","href":"https:\/\/api.w.org\/{rel}","templated":true}]}}