{"id":982,"date":"2016-06-24T10:19:27","date_gmt":"2016-06-24T06:19:27","guid":{"rendered":"http:\/\/college-12eme.ac-reunion.fr\/?p=982"},"modified":"2016-06-24T10:19:27","modified_gmt":"2016-06-24T06:19:27","slug":"absences-des-enseignants-du-27-juin-au-1er-juillet","status":"publish","type":"post","link":"https:\/\/etab.ac-reunion.fr\/clg-12eme\/absences-des-enseignants-du-27-juin-au-1er-juillet\/","title":{"rendered":"Absences des Enseignants du 27 juin au 1er juillet"},"content":{"rendered":"<table>\n<tbody>\n<tr>\n<td width=\"371\">\n<table width=\"100%\">\n<tbody>\n<tr>\n<td><strong>NOTE AUX FAMILLES<\/strong><\/td>\n<\/tr>\n<\/tbody>\n<\/table>\n<\/td>\n<\/tr>\n<\/tbody>\n<\/table>\n<p><em>Coll\u00e8ge du 12<sup>\u00e8me<\/sup><\/em><\/p>\n<p><em>94 rue Georges Pompidou<\/em><\/p>\n<p><em>97430 Le Tampon<\/em><\/p>\n<p><em><u>R\u00e9f.<\/u><\/em> : NDS2016-69<\/p>\n<p><em><u>Objet<\/u><\/em> : Absences des Enseignants du 27 juin au 1<sup>er<\/sup> juillet<\/p>\n<p>&nbsp;<\/p>\n<p>Mesdames et Messieurs les Parents d\u2019\u00e9l\u00e8ves sont inform\u00e9s des absences des Enseignants ci-dessous, pour les motifs suivants\u00a0:<\/p>\n<ul>\n<li>Commission de composition des classes du lundi 27 juin au vendredi 1<sup>er<\/sup> juillet 2016.<\/li>\n<li>Correction du DNB \u00a0le 30 juin et le 1<sup>er<\/sup> juillet 2016.<\/li>\n<\/ul>\n<p>Bien cordialement.<\/p>\n<p>Tampon, le 24 juin 2016<\/p>\n<p>CCourr\u00e9jou<\/p>\n<p>Principal<\/p>\n<p>&nbsp;<\/p>\n<table>\n<tbody>\n<tr>\n<td colspan=\"3\" width=\"591\">Professeurs absents pour participation \u00e0 la Commission de composition des classes du 27 juin au 1<sup>er<\/sup> juillet 2016<\/td>\n<\/tr>\n<tr>\n<td width=\"80\">Civilit\u00e9<\/td>\n<td width=\"148\">Nom<\/td>\n<td width=\"363\">Pr\u00e9nom<\/td>\n<\/tr>\n<tr>\n<td width=\"80\">M.<\/td>\n<td width=\"148\">CHAFFRE<\/td>\n<td width=\"363\">JEAN-DANIEL<\/td>\n<\/tr>\n<tr>\n<td width=\"80\">M.<\/td>\n<td width=\"148\">CHASSENIEUX<\/td>\n<td width=\"363\">EMMANUEL<\/td>\n<\/tr>\n<tr>\n<td width=\"80\">M.<\/td>\n<td width=\"148\">DIAZ<\/td>\n<td width=\"363\">ANTONY JOSEPH<\/td>\n<\/tr>\n<tr>\n<td width=\"80\">Mme<\/td>\n<td width=\"148\">GAWRONSKI<\/td>\n<td width=\"363\">HELENE<\/td>\n<\/tr>\n<tr>\n<td width=\"80\">Mme<\/td>\n<td width=\"148\">HOARAU<\/td>\n<td width=\"363\">MARIE FRANCOISE<\/td>\n<\/tr>\n<tr>\n<td width=\"80\">M.<\/td>\n<td width=\"148\">HOUSSEN<\/td>\n<td width=\"363\">HAROUNE<\/td>\n<\/tr>\n<tr>\n<td width=\"80\">Mme<\/td>\n<td width=\"148\">PAYET<\/td>\n<td width=\"363\">MAGALIE<\/td>\n<\/tr>\n<tr>\n<td width=\"80\">M.<\/td>\n<td width=\"148\">PIERSON<\/td>\n<td width=\"363\">LIONEL<\/td>\n<\/tr>\n<tr>\n<td width=\"80\">M.<\/td>\n<td width=\"148\">RABOUR<\/td>\n<td width=\"363\">CHRISTIAN<\/td>\n<\/tr>\n<tr>\n<td width=\"80\">Mme<\/td>\n<td width=\"148\">TINK LONG KI<\/td>\n<td width=\"363\">MARIE PRISCA<\/td>\n<\/tr>\n<\/tbody>\n<\/table>\n<p>&nbsp;<\/p>\n<p>&nbsp;<\/p>\n<table>\n<tbody>\n<tr>\n<td colspan=\"3\" width=\"582\">Professeurs absents pour correction du DNB les \u00a030 juin et 1<sup>er<\/sup> juillet 2016<\/td>\n<\/tr>\n<tr>\n<td width=\"90\">Civilit\u00e9<\/td>\n<td width=\"156\">Nom<\/td>\n<td width=\"335\">Pr\u00e9nom<\/td>\n<\/tr>\n<tr>\n<td width=\"90\">Mme<\/td>\n<td width=\"156\">CHEN<\/td>\n<td width=\"335\">MARTINE<\/td>\n<\/tr>\n<tr>\n<td width=\"90\">M.<\/td>\n<td width=\"156\">DIAZ<\/td>\n<td width=\"335\">ANTONY<\/td>\n<\/tr>\n<tr>\n<td width=\"90\">M.<\/td>\n<td width=\"156\">LEPERLIER<\/td>\n<td width=\"335\">ERIC<\/td>\n<\/tr>\n<tr>\n<td width=\"90\">M.<\/td>\n<td width=\"156\">RABOUR<\/td>\n<td width=\"335\">CHRISTIAN<\/td>\n<\/tr>\n<tr>\n<td width=\"90\">M.<\/td>\n<td width=\"156\">FORESTIER<\/td>\n<td width=\"335\">FLORIAN<\/td>\n<\/tr>\n<tr>\n<td width=\"90\">Mme<\/td>\n<td width=\"156\">GAWRONSKI<\/td>\n<td width=\"335\">HELENE<\/td>\n<\/tr>\n<tr>\n<td width=\"90\">Mme<\/td>\n<td width=\"156\">LEBON<\/td>\n<td width=\"335\">VALERIE<\/td>\n<\/tr>\n<tr>\n<td width=\"90\">M.<\/td>\n<td width=\"156\">HOUSSEN<\/td>\n<td width=\"335\">HAROUNE<\/td>\n<\/tr>\n<tr>\n<td width=\"90\">M.<\/td>\n<td width=\"156\">TELEGONE<\/td>\n<td width=\"335\">VINCENT<\/td>\n<\/tr>\n<tr>\n<td width=\"90\">Mme<\/td>\n<td width=\"156\">BARET<\/td>\n<td width=\"335\">CAROL<\/td>\n<\/tr>\n<tr>\n<td width=\"90\">Mme<\/td>\n<td width=\"156\">HOARAU<\/td>\n<td width=\"335\">FRANCOISE<\/td>\n<\/tr>\n<tr>\n<td width=\"90\">Mme<\/td>\n<td width=\"156\">LAVENANT<\/td>\n<td width=\"335\">LORETTE<\/td>\n<\/tr>\n<tr>\n<td width=\"90\">Mme<\/td>\n<td width=\"156\">PAYET<\/td>\n<td width=\"335\">MAGALIE<\/td>\n<\/tr>\n<tr>\n<td width=\"90\">M.<\/td>\n<td width=\"156\">CURCIO\/CARO<\/td>\n<td width=\"335\">THIERRY<\/td>\n<\/tr>\n<\/tbody>\n<\/table>\n<p>&nbsp;<\/p>\n<p>&nbsp;<\/p>\n","protected":false},"excerpt":{"rendered":"<p>NOTE AUX FAMILLES Coll\u00e8ge du 12\u00e8me 94 rue Georges Pompidou 97430 Le Tampon R\u00e9f. : NDS2016-69 Objet : Absences des Enseignants du 27 juin au 1er juillet &nbsp; Mesdames et Messieurs les Parents d\u2019\u00e9l\u00e8ves sont inform\u00e9s des absences des Enseignants ci-dessous, pour les motifs suivants\u00a0: Commission de composition des classes &hellip;<\/p>\n","protected":false},"author":30,"featured_media":0,"comment_status":"closed","ping_status":"closed","sticky":false,"template":"","format":"standard","meta":{"footnotes":"","_links_to":"","_links_to_target":""},"categories":[2],"tags":[],"class_list":["post-982","post","type-post","status-publish","format-standard","hentry","category-informations-aux-familles"],"_links":{"self":[{"href":"https:\/\/etab.ac-reunion.fr\/clg-12eme\/wp-json\/wp\/v2\/posts\/982","targetHints":{"allow":["GET"]}}],"collection":[{"href":"https:\/\/etab.ac-reunion.fr\/clg-12eme\/wp-json\/wp\/v2\/posts"}],"about":[{"href":"https:\/\/etab.ac-reunion.fr\/clg-12eme\/wp-json\/wp\/v2\/types\/post"}],"author":[{"embeddable":true,"href":"https:\/\/etab.ac-reunion.fr\/clg-12eme\/wp-json\/wp\/v2\/users\/30"}],"replies":[{"embeddable":true,"href":"https:\/\/etab.ac-reunion.fr\/clg-12eme\/wp-json\/wp\/v2\/comments?post=982"}],"version-history":[{"count":1,"href":"https:\/\/etab.ac-reunion.fr\/clg-12eme\/wp-json\/wp\/v2\/posts\/982\/revisions"}],"predecessor-version":[{"id":983,"href":"https:\/\/etab.ac-reunion.fr\/clg-12eme\/wp-json\/wp\/v2\/posts\/982\/revisions\/983"}],"wp:attachment":[{"href":"https:\/\/etab.ac-reunion.fr\/clg-12eme\/wp-json\/wp\/v2\/media?parent=982"}],"wp:term":[{"taxonomy":"category","embeddable":true,"href":"https:\/\/etab.ac-reunion.fr\/clg-12eme\/wp-json\/wp\/v2\/categories?post=982"},{"taxonomy":"post_tag","embeddable":true,"href":"https:\/\/etab.ac-reunion.fr\/clg-12eme\/wp-json\/wp\/v2\/tags?post=982"}],"curies":[{"name":"wp","href":"https:\/\/api.w.org\/{rel}","templated":true}]}}