{"id":988,"date":"2016-06-30T17:36:02","date_gmt":"2016-06-30T13:36:02","guid":{"rendered":"http:\/\/college-12eme.ac-reunion.fr\/?p=988"},"modified":"2016-06-30T17:36:02","modified_gmt":"2016-06-30T13:36:02","slug":"accueil-des-eleves-lundi-4-et-mardi-5-juillet-2016","status":"publish","type":"post","link":"https:\/\/etab.ac-reunion.fr\/clg-12eme\/accueil-des-eleves-lundi-4-et-mardi-5-juillet-2016\/","title":{"rendered":"Accueil des \u00e9l\u00e8ves lundi 4 et mardi 5 juillet 2016"},"content":{"rendered":"<p>Mesdames et Messieurs les Parents d&rsquo;\u00e9l\u00e8ves sont inform\u00e9s que les cours des 4 et 5 juillet 2016 sont neutralis\u00e9s pour permettre aux enseignants de terminer la pr\u00e9paration de rentr\u00e9e 2016.<\/p>\n<p>Les \u00e9l\u00e8ves seront pris en charge par la Vie scolaire.<\/p>\n<p>Recevez nos meilleurs salutations.<\/p>\n<p>Le Principal<\/p>\n","protected":false},"excerpt":{"rendered":"<p>Mesdames et Messieurs les Parents d&rsquo;\u00e9l\u00e8ves sont inform\u00e9s que les cours des 4 et 5 juillet 2016 sont neutralis\u00e9s pour permettre aux enseignants de terminer la pr\u00e9paration de rentr\u00e9e 2016. Les \u00e9l\u00e8ves seront pris en charge par la Vie scolaire. Recevez nos meilleurs salutations. Le Principal<\/p>\n","protected":false},"author":30,"featured_media":0,"comment_status":"closed","ping_status":"closed","sticky":false,"template":"","format":"standard","meta":{"footnotes":"","_links_to":"","_links_to_target":""},"categories":[2],"tags":[],"class_list":["post-988","post","type-post","status-publish","format-standard","hentry","category-informations-aux-familles"],"_links":{"self":[{"href":"https:\/\/etab.ac-reunion.fr\/clg-12eme\/wp-json\/wp\/v2\/posts\/988","targetHints":{"allow":["GET"]}}],"collection":[{"href":"https:\/\/etab.ac-reunion.fr\/clg-12eme\/wp-json\/wp\/v2\/posts"}],"about":[{"href":"https:\/\/etab.ac-reunion.fr\/clg-12eme\/wp-json\/wp\/v2\/types\/post"}],"author":[{"embeddable":true,"href":"https:\/\/etab.ac-reunion.fr\/clg-12eme\/wp-json\/wp\/v2\/users\/30"}],"replies":[{"embeddable":true,"href":"https:\/\/etab.ac-reunion.fr\/clg-12eme\/wp-json\/wp\/v2\/comments?post=988"}],"version-history":[{"count":1,"href":"https:\/\/etab.ac-reunion.fr\/clg-12eme\/wp-json\/wp\/v2\/posts\/988\/revisions"}],"predecessor-version":[{"id":989,"href":"https:\/\/etab.ac-reunion.fr\/clg-12eme\/wp-json\/wp\/v2\/posts\/988\/revisions\/989"}],"wp:attachment":[{"href":"https:\/\/etab.ac-reunion.fr\/clg-12eme\/wp-json\/wp\/v2\/media?parent=988"}],"wp:term":[{"taxonomy":"category","embeddable":true,"href":"https:\/\/etab.ac-reunion.fr\/clg-12eme\/wp-json\/wp\/v2\/categories?post=988"},{"taxonomy":"post_tag","embeddable":true,"href":"https:\/\/etab.ac-reunion.fr\/clg-12eme\/wp-json\/wp\/v2\/tags?post=988"}],"curies":[{"name":"wp","href":"https:\/\/api.w.org\/{rel}","templated":true}]}}