{"id":995,"date":"2016-07-08T10:34:09","date_gmt":"2016-07-08T06:34:09","guid":{"rendered":"http:\/\/college-12eme.ac-reunion.fr\/?p=995"},"modified":"2019-03-07T19:09:41","modified_gmt":"2019-03-07T15:09:41","slug":"rentree-des-eleves-de-6eme-le-jeudi-18-aout-2016","status":"publish","type":"post","link":"https:\/\/etab.ac-reunion.fr\/clg-12eme\/rentree-des-eleves-de-6eme-le-jeudi-18-aout-2016\/","title":{"rendered":"Rentr\u00e9e des \u00e9l\u00e8ves de 6\u00e8me le jeudi 18 aout 2016"},"content":{"rendered":"<table>\n<tbody>\n<tr>\n<td width=\"366\">\n<table width=\"100%\">\n<tbody>\n<tr>\n<td><strong>Information aux familles<\/strong><\/td>\n<\/tr>\n<\/tbody>\n<\/table>\n<\/td>\n<\/tr>\n<\/tbody>\n<\/table>\n<p><strong><em>Coll\u00e8ge du 12<sup>\u00e8me<\/sup><\/em><\/strong><\/p>\n<p><strong><em>94 rue Georges Pompidou<\/em><\/strong><\/p>\n<p><strong><em>97430 Le Tampon<\/em><\/strong><\/p>\n<p><em><u>R\u00e9f.<\/u><\/em><strong> :<\/strong> <strong>NDS2016-66<\/strong><\/p>\n<p><em><u>Objet<\/u><\/em><strong> : Rentr\u00e9e des \u00e9l\u00e8ves de 6<sup>\u00e8me<\/sup> le jeudi 18 ao\u00fbt 2016 <\/strong><\/p>\n<p>La rentr\u00e9e des \u00e9l\u00e8ves de 6<sup>\u00e8me<\/sup> au coll\u00e8ge du 12<sup>\u00e8me<\/sup> s\u2019effectuera <strong>jeudi 18 aout 2016 \u00e0 8h, l\u2019accueil est pr\u00e9vu \u00e0 partir de 7h30. <\/strong>Les \u00e9l\u00e8ves seront pris en charge par leur professeur principal. A partir de 13h40, les professeurs pr\u00e9vus \u00e0 l\u2019emploi du temps habituel prendront en charge les \u00e9l\u00e8ves jusqu\u2019\u00e0 15h35, fin de la journ\u00e9e. Pour cette premi\u00e8re journ\u00e9e les \u00e9l\u00e8ves devront \u00eatre munis d\u2019une trousse, du cahier de texte, et d\u2019un cahier de brouillon.<\/p>\n<p><strong>Les \u00e9l\u00e8ves de 6<sup>\u00e8me<\/sup> n\u2019ont pas cours<\/strong> <strong><u>le mercredi 17 ao\u00fbt 2016<\/u><\/strong> et viennent en cours selon leur emploi du temps normal le <strong>vendredi 19 aout 2016.<\/strong><\/p>\n<p><strong>Cette date de rentr\u00e9e est n\u00e9cessaire pour initier paisiblement les \u00e9l\u00e8ves de 6<sup>\u00e8me<\/sup> au fonctionnement de la cantine, hors la pr\u00e9sence des camarades de 5<sup>\u00e8me<\/sup>, 4<sup>\u00e8me<\/sup> et 3<sup>\u00e8me<\/sup>.<\/strong><\/p>\n<p><strong>\u00a0<\/strong><\/p>\n<p>Tampon, le 21 juin 2016<\/p>\n<p>Le Principal<\/p>\n<p>Christophe Courr\u00e9jou<\/p>\n","protected":false},"excerpt":{"rendered":"<p>Information aux familles Coll\u00e8ge du 12\u00e8me 94 rue Georges Pompidou 97430 Le Tampon R\u00e9f. : NDS2016-66 Objet : Rentr\u00e9e des \u00e9l\u00e8ves de 6\u00e8me le jeudi 18 ao\u00fbt 2016 La rentr\u00e9e des \u00e9l\u00e8ves de 6\u00e8me au coll\u00e8ge du 12\u00e8me s\u2019effectuera jeudi 18 aout 2016 \u00e0 8h, l\u2019accueil est pr\u00e9vu \u00e0 partir &hellip;<\/p>\n","protected":false},"author":30,"featured_media":0,"comment_status":"closed","ping_status":"closed","sticky":false,"template":"","format":"standard","meta":{"footnotes":"","_links_to":"","_links_to_target":""},"categories":[2,9],"tags":[],"class_list":["post-995","post","type-post","status-publish","format-standard","hentry","category-informations-aux-familles","category-profs"],"_links":{"self":[{"href":"https:\/\/etab.ac-reunion.fr\/clg-12eme\/wp-json\/wp\/v2\/posts\/995","targetHints":{"allow":["GET"]}}],"collection":[{"href":"https:\/\/etab.ac-reunion.fr\/clg-12eme\/wp-json\/wp\/v2\/posts"}],"about":[{"href":"https:\/\/etab.ac-reunion.fr\/clg-12eme\/wp-json\/wp\/v2\/types\/post"}],"author":[{"embeddable":true,"href":"https:\/\/etab.ac-reunion.fr\/clg-12eme\/wp-json\/wp\/v2\/users\/30"}],"replies":[{"embeddable":true,"href":"https:\/\/etab.ac-reunion.fr\/clg-12eme\/wp-json\/wp\/v2\/comments?post=995"}],"version-history":[{"count":3,"href":"https:\/\/etab.ac-reunion.fr\/clg-12eme\/wp-json\/wp\/v2\/posts\/995\/revisions"}],"predecessor-version":[{"id":1007,"href":"https:\/\/etab.ac-reunion.fr\/clg-12eme\/wp-json\/wp\/v2\/posts\/995\/revisions\/1007"}],"wp:attachment":[{"href":"https:\/\/etab.ac-reunion.fr\/clg-12eme\/wp-json\/wp\/v2\/media?parent=995"}],"wp:term":[{"taxonomy":"category","embeddable":true,"href":"https:\/\/etab.ac-reunion.fr\/clg-12eme\/wp-json\/wp\/v2\/categories?post=995"},{"taxonomy":"post_tag","embeddable":true,"href":"https:\/\/etab.ac-reunion.fr\/clg-12eme\/wp-json\/wp\/v2\/tags?post=995"}],"curies":[{"name":"wp","href":"https:\/\/api.w.org\/{rel}","templated":true}]}}